{"id":116504,"date":"2021-05-10T12:18:18","date_gmt":"2021-05-10T16:18:18","guid":{"rendered":"https:\/\/linitiative.ca\/International\/covid-57-millions-de-personnes-vaccinees\/"},"modified":"2021-05-10T12:18:18","modified_gmt":"2021-05-10T16:18:18","slug":"covid-57-millions-de-personnes-vaccinees","status":"publish","type":"post","link":"https:\/\/linitiative.ca\/International\/covid-57-millions-de-personnes-vaccinees\/","title":{"rendered":"Covid: 5,7 millions de personnes vaccin\u00e9es"},"content":{"rendered":"<p>Un total de <strong>58<\/strong> nouveaux cas d&rsquo;infection au coronavirus et <strong>232<\/strong> gu\u00e9risons ont \u00e9t\u00e9 enregistr\u00e9s en 24H, selon le bilan du minist\u00e8re de la Sant\u00e9 de ce lundi.\u00a0Ce bilan porte \u00e0\u00a0<strong>513.922<\/strong> le nombre total des contaminations depuis le premier cas signal\u00e9 en mars 2020, alors que le nombre des personnes r\u00e9tablies est pass\u00e9 \u00e0 <strong>501.146<\/strong>, soit un taux de gu\u00e9rison de 97,5%, pr\u00e9cise le minist\u00e8re de la Sant\u00e9.<\/p>\n<p><strong>4.404.867<\/strong> personnes ont \u00e9t\u00e9 compl\u00e8tement vaccin\u00e9es (1\u00e8re et 2\u00e8me doses), alors que le nombre des personnes ayant re\u00e7u la premi\u00e8re dose du vaccin a atteint \u00e0 ce jour <strong>5.726.928<\/strong>. Plus de <strong>267.000<\/strong> doses ont \u00e9t\u00e9 inject\u00e9es durant les derni\u00e8res 24 heures.<\/p>\n<p>Quant au nombre total des d\u00e9c\u00e8s, il est pass\u00e9 \u00e0 <strong>9.077<\/strong>\u00a0avec <strong>5<\/strong> nouveaux cas recens\u00e9s en 24 heures, soit un taux de l\u00e9talit\u00e9 de 1,8%. Le nombre des cas actifs s&rsquo;\u00e9l\u00e8ve \u00e0 <strong>3.699<\/strong>, tandis que les cas s\u00e9v\u00e8res ou critiques sont au nombre de <strong>239<\/strong>, dont <strong>14<\/strong> plac\u00e9s sous intubation.<\/p>\n<blockquote readability=\"4.75\">\n<p><strong>Pour plus de d\u00e9tails, voir l&rsquo;\u00e9volution en temps r\u00e9el de l&rsquo;\u00e9pid\u00e9mie sur <a href=\"https:\/\/www.leconomiste.com\/covid19\/\">https:\/\/www.leconomiste.com\/covid19\/<\/a><\/strong><\/p>\n<\/blockquote>\n<p>Auteur: hgueye<br \/>\n<a href=\"https:\/\/www.leconomiste.com\/flash-infos\/covid19-millions-de-personnes-vaccinees-14\">Cliquez ici pour lire l&rsquo;article depuis sa source.<\/a><\/p>\n","protected":false},"excerpt":{"rendered":"<p>Un total de 58 nouveaux cas d&rsquo;infection au coronavirus et 232 gu\u00e9risons ont \u00e9t\u00e9 enregistr\u00e9s en 24H, selon le bilan du minist\u00e8re de la Sant\u00e9 de ce lundi.\u00a0Ce bilan porte \u00e0\u00a0513.922 le nombre total des contaminations depuis le premier cas signal\u00e9 en mars 2020, alors que le nombre des personnes r\u00e9tablies est pass\u00e9 \u00e0 501.146, [&hellip;]<\/p>\n","protected":false},"author":1763,"featured_media":0,"comment_status":"closed","ping_status":"closed","sticky":false,"template":"","format":"standard","meta":{"fifu_image_url":"","fifu_image_alt":"","footnotes":""},"categories":[78,54],"tags":[],"class_list":["post-116504","post","type-post","status-publish","format-standard","hentry","category-economie","category-maroc"],"_links":{"self":[{"href":"https:\/\/linitiative.ca\/International\/wp-json\/wp\/v2\/posts\/116504","targetHints":{"allow":["GET"]}}],"collection":[{"href":"https:\/\/linitiative.ca\/International\/wp-json\/wp\/v2\/posts"}],"about":[{"href":"https:\/\/linitiative.ca\/International\/wp-json\/wp\/v2\/types\/post"}],"author":[{"embeddable":true,"href":"https:\/\/linitiative.ca\/International\/wp-json\/wp\/v2\/users\/1763"}],"replies":[{"embeddable":true,"href":"https:\/\/linitiative.ca\/International\/wp-json\/wp\/v2\/comments?post=116504"}],"version-history":[{"count":0,"href":"https:\/\/linitiative.ca\/International\/wp-json\/wp\/v2\/posts\/116504\/revisions"}],"wp:attachment":[{"href":"https:\/\/linitiative.ca\/International\/wp-json\/wp\/v2\/media?parent=116504"}],"wp:term":[{"taxonomy":"category","embeddable":true,"href":"https:\/\/linitiative.ca\/International\/wp-json\/wp\/v2\/categories?post=116504"},{"taxonomy":"post_tag","embeddable":true,"href":"https:\/\/linitiative.ca\/International\/wp-json\/wp\/v2\/tags?post=116504"}],"curies":[{"name":"wp","href":"https:\/\/api.w.org\/{rel}","templated":true}]}}