{"id":116505,"date":"2021-05-10T15:14:10","date_gmt":"2021-05-10T19:14:10","guid":{"rendered":"https:\/\/linitiative.ca\/International\/international-man-utd-cavani-proche-de-prolonger-son-contrat\/"},"modified":"2021-05-10T15:14:10","modified_gmt":"2021-05-10T19:14:10","slug":"international-man-utd-cavani-proche-de-prolonger-son-contrat","status":"publish","type":"post","link":"https:\/\/linitiative.ca\/International\/international-man-utd-cavani-proche-de-prolonger-son-contrat\/","title":{"rendered":"International : Man Utd : Cavani proche de prolonger son contrat"},"content":{"rendered":"<div readability=\"32\">\n<p>Auteur : <span class=\"time\">lundi 10 mai 2021 15:30<\/span><\/p>\n<\/div>\n<div id=\"post_core\" readability=\"41\">\n<p>Un temps annonc\u00e9 sur le d\u00e9part, Edinson Cavani devrait continuer son aventure mancunienne pendant encore au moins une saison. Selon Foot11, l\u2019international uruguayen aurait accept\u00e9 de prolonger l\u2019option sur son contrat sous les couleurs de Manchester United. L\u2019ancien Parisien, auteur de 15 buts avec les Red Devils, aurait trouv\u00e9 un accord et devrait rester encore une saison du c\u00f4t\u00e9 de la Premier League.<\/p>\n<p><strong>Publi\u00e9 dans :<\/strong> <span>Man Utd : Edinson Cavani<\/span><\/p>\n<\/div>\n<p>Auteur:<br \/>\n<a href=\"http:\/\/www.lebuteur.com\/article\/detail?titre=man-utd-cavani-proche-de-prolonger-son-contrat&#038;id=100015&#038;utm_source=feedburner&#038;utm_medium=feed&#038;utm_campaign=Feed%3A+GalerieFArtciles+%28Les+derniers+articles++-+lebuteur.com%29\">Cliquez ici pour lire l&rsquo;article depuis sa source.<\/a><\/p>\n","protected":false},"excerpt":{"rendered":"<p>Auteur : lundi 10 mai 2021 15:30 Un temps annonc\u00e9 sur le d\u00e9part, Edinson Cavani devrait continuer son aventure mancunienne pendant encore au moins une saison. Selon Foot11, l\u2019international uruguayen aurait accept\u00e9 de prolonger l\u2019option sur son contrat sous les couleurs de Manchester United. L\u2019ancien Parisien, auteur de 15 buts avec les Red Devils, aurait [&hellip;]<\/p>\n","protected":false},"author":1738,"featured_media":0,"comment_status":"closed","ping_status":"closed","sticky":false,"template":"","format":"standard","meta":{"fifu_image_url":"\/\/cdn.lebuteur.com\/data\/images\/article\/thumbs\/large-man-utd-cavani-proche-de-prolonger-son-contrat-ecf8d.jpg","fifu_image_alt":"International : Man Utd : Cavani proche de prolonger son contrat","footnotes":""},"categories":[53,75],"tags":[],"class_list":["post-116505","post","type-post","status-publish","format-standard","hentry","category-algerie","category-sport"],"_links":{"self":[{"href":"https:\/\/linitiative.ca\/International\/wp-json\/wp\/v2\/posts\/116505","targetHints":{"allow":["GET"]}}],"collection":[{"href":"https:\/\/linitiative.ca\/International\/wp-json\/wp\/v2\/posts"}],"about":[{"href":"https:\/\/linitiative.ca\/International\/wp-json\/wp\/v2\/types\/post"}],"author":[{"embeddable":true,"href":"https:\/\/linitiative.ca\/International\/wp-json\/wp\/v2\/users\/1738"}],"replies":[{"embeddable":true,"href":"https:\/\/linitiative.ca\/International\/wp-json\/wp\/v2\/comments?post=116505"}],"version-history":[{"count":0,"href":"https:\/\/linitiative.ca\/International\/wp-json\/wp\/v2\/posts\/116505\/revisions"}],"wp:attachment":[{"href":"https:\/\/linitiative.ca\/International\/wp-json\/wp\/v2\/media?parent=116505"}],"wp:term":[{"taxonomy":"category","embeddable":true,"href":"https:\/\/linitiative.ca\/International\/wp-json\/wp\/v2\/categories?post=116505"},{"taxonomy":"post_tag","embeddable":true,"href":"https:\/\/linitiative.ca\/International\/wp-json\/wp\/v2\/tags?post=116505"}],"curies":[{"name":"wp","href":"https:\/\/api.w.org\/{rel}","templated":true}]}}