{"id":116507,"date":"2021-05-10T15:14:14","date_gmt":"2021-05-10T19:14:14","guid":{"rendered":"https:\/\/linitiative.ca\/International\/equipe-dalgerie-faf-mecherara-designe-conseiller-de-amara\/"},"modified":"2021-05-10T15:14:14","modified_gmt":"2021-05-10T19:14:14","slug":"equipe-dalgerie-faf-mecherara-designe-conseiller-de-amara","status":"publish","type":"post","link":"https:\/\/linitiative.ca\/International\/equipe-dalgerie-faf-mecherara-designe-conseiller-de-amara\/","title":{"rendered":"Equipe d&rsquo;Alg\u00e9rie : FAF: Mecherara d\u00e9sign\u00e9 conseiller de Amara"},"content":{"rendered":"<div readability=\"32\">\n<p>Auteur : <span class=\"time\">lundi 10 mai 2021 17:42<\/span><\/p>\n<\/div>\n<div id=\"post_core\" readability=\"40\">\n<p>Mohamed Mecherara a \u00e9t\u00e9 d\u00e9sign\u00e9 comme conseiller du nouveau pr\u00e9sident de la F\u00e9d\u00e9ration alg\u00e9rienne de football (FAF), Charaf-Eddine Amara, a annonc\u00e9 ce lundi la FAF sur son site. Selon la m\u00eame source, l&rsquo;ancien pr\u00e9sident de la Ligue nationale de football \u00ab prendra ses fonctions imm\u00e9diatement \u00bb.<\/p>\n<p><strong>Publi\u00e9 dans :<\/strong> <span>Amara<\/span> <span>Mecherara<\/span><\/p>\n<\/div>\n<p>Auteur:<br \/>\n<a href=\"http:\/\/www.lebuteur.com\/article\/detail?titre=faf-mecherara-designe-conseiller-de-amara&#038;id=100017&#038;utm_source=feedburner&#038;utm_medium=feed&#038;utm_campaign=Feed%3A+GalerieFArtciles+%28Les+derniers+articles++-+lebuteur.com%29\">Cliquez ici pour lire l&rsquo;article depuis sa source.<\/a><\/p>\n","protected":false},"excerpt":{"rendered":"<p>Auteur : lundi 10 mai 2021 17:42 Mohamed Mecherara a \u00e9t\u00e9 d\u00e9sign\u00e9 comme conseiller du nouveau pr\u00e9sident de la F\u00e9d\u00e9ration alg\u00e9rienne de football (FAF), Charaf-Eddine Amara, a annonc\u00e9 ce lundi la FAF sur son site. Selon la m\u00eame source, l&rsquo;ancien pr\u00e9sident de la Ligue nationale de football \u00ab prendra ses fonctions imm\u00e9diatement \u00bb. Publi\u00e9 dans [&hellip;]<\/p>\n","protected":false},"author":1738,"featured_media":0,"comment_status":"closed","ping_status":"closed","sticky":false,"template":"","format":"standard","meta":{"fifu_image_url":"\/\/cdn.lebuteur.com\/data\/images\/article\/thumbs\/large-faf-mecherara-designe-conseiller-de-amara-89a1f.jpg","fifu_image_alt":"Equipe d'Alg\u00e9rie : FAF: Mecherara d\u00e9sign\u00e9 conseiller de Amara","footnotes":""},"categories":[53,75],"tags":[],"class_list":["post-116507","post","type-post","status-publish","format-standard","hentry","category-algerie","category-sport"],"_links":{"self":[{"href":"https:\/\/linitiative.ca\/International\/wp-json\/wp\/v2\/posts\/116507","targetHints":{"allow":["GET"]}}],"collection":[{"href":"https:\/\/linitiative.ca\/International\/wp-json\/wp\/v2\/posts"}],"about":[{"href":"https:\/\/linitiative.ca\/International\/wp-json\/wp\/v2\/types\/post"}],"author":[{"embeddable":true,"href":"https:\/\/linitiative.ca\/International\/wp-json\/wp\/v2\/users\/1738"}],"replies":[{"embeddable":true,"href":"https:\/\/linitiative.ca\/International\/wp-json\/wp\/v2\/comments?post=116507"}],"version-history":[{"count":0,"href":"https:\/\/linitiative.ca\/International\/wp-json\/wp\/v2\/posts\/116507\/revisions"}],"wp:attachment":[{"href":"https:\/\/linitiative.ca\/International\/wp-json\/wp\/v2\/media?parent=116507"}],"wp:term":[{"taxonomy":"category","embeddable":true,"href":"https:\/\/linitiative.ca\/International\/wp-json\/wp\/v2\/categories?post=116507"},{"taxonomy":"post_tag","embeddable":true,"href":"https:\/\/linitiative.ca\/International\/wp-json\/wp\/v2\/tags?post=116507"}],"curies":[{"name":"wp","href":"https:\/\/api.w.org\/{rel}","templated":true}]}}