{"id":116508,"date":"2021-05-10T15:14:16","date_gmt":"2021-05-10T19:14:16","guid":{"rendered":"https:\/\/linitiative.ca\/International\/international-benfica-adel-taarabt-revient-sur-son-transfert-rate-au-psg\/"},"modified":"2021-05-10T15:14:16","modified_gmt":"2021-05-10T19:14:16","slug":"international-benfica-adel-taarabt-revient-sur-son-transfert-rate-au-psg","status":"publish","type":"post","link":"https:\/\/linitiative.ca\/International\/international-benfica-adel-taarabt-revient-sur-son-transfert-rate-au-psg\/","title":{"rendered":"International : Benfica : Adel Taarabt revient sur son transfert rat\u00e9 au PSG"},"content":{"rendered":"<div readability=\"32\">\n<p>Auteur : <span class=\"time\">lundi 10 mai 2021 19:18<\/span><\/p>\n<\/div>\n<div id=\"post_core\" readability=\"59\">\n<p>L&rsquo;ailier marocain a r\u00e9v\u00e9l\u00e9 \u00e0 Goal \u00e0 quel point il \u00e9tait proche de signer en faveur du PSG lorsqu&rsquo;il \u00e9tait au sommet de sa carri\u00e8re :<\/p>\n<p>\u00ab\u00a0Oui, apr\u00e8s ma saison o\u00f9 j&rsquo;ai \u00e9t\u00e9 promu avec le QPR, c&rsquo;\u00e9tait presque fait avec Paris.\u00a0Je discutais avec Nasser [Al-Khelaifi] et nous \u00e9tions ensemble mais il m&rsquo;a dit que nous devions attendre parce que Leonardo va arriver de l&rsquo;Inter, mais cela ne s&rsquo;est pas produit \u00e0 cause des frais. J&rsquo;\u00e9tais d\u00e9j\u00e0 \u00e0 Paris en train d&rsquo;attendre.\u00a0\u00bb Des propos relay\u00e9s par Goal.<\/p>\n<p>QPR a finalement pr\u00eat\u00e9 Taarabt \u00e0 Fulham dans la premi\u00e8re moiti\u00e9 de la campagne 2013-14, mais il est retourn\u00e9 \u00e0 Loftus Road quelques mois plus tard\u00a0avant de signer pour Milan dans le cadre d&rsquo;un autre pr\u00eat.<\/p>\n<p>Le milieu offensif marocain a impressionn\u00e9 lors de ses 16 apparitions pour les Rossoneri et ces derniers avaient la possibilit\u00e9\u00a0de le signer de mani\u00e8re permanente pour 7 millions d&rsquo;euros seulement \u00e0 la fin de cette saison.\u00a0Cependant, Milan a laiss\u00e9 Taarabt revenir en QPR, ce qui, selon lui, \u00e9tait finalement d\u00fb \u00e0 la d\u00e9cision du club lombard de modifier son effectif.<\/p>\n<p>\u00ab\u00a0C&rsquo;est simple. C&rsquo;est Clarence Seedorf qui m&rsquo;a amen\u00e9 et apr\u00e8s cette saison [Filippo] Inzaghi est venu et il avait d&rsquo;autres plans\u00a0\u00bb, a-t-il d\u00e9clar\u00e9 au sujet de son d\u00e9part de San Siro.<\/p>\n<p><strong>Publi\u00e9 dans :<\/strong> <span>Taarabt<\/span><\/p>\n<\/div>\n<p>Auteur:<br \/>\n<a href=\"http:\/\/www.lebuteur.com\/article\/detail?titre=benfica-adel-taarabt-revient-sur-son-transfert-rate-au-psg&#038;id=100018&#038;utm_source=feedburner&#038;utm_medium=feed&#038;utm_campaign=Feed%3A+GalerieFArtciles+%28Les+derniers+articles++-+lebuteur.com%29\">Cliquez ici pour lire l&rsquo;article depuis sa source.<\/a><\/p>\n","protected":false},"excerpt":{"rendered":"<p>Auteur : lundi 10 mai 2021 19:18 L&rsquo;ailier marocain a r\u00e9v\u00e9l\u00e9 \u00e0 Goal \u00e0 quel point il \u00e9tait proche de signer en faveur du PSG lorsqu&rsquo;il \u00e9tait au sommet de sa carri\u00e8re : \u00ab\u00a0Oui, apr\u00e8s ma saison o\u00f9 j&rsquo;ai \u00e9t\u00e9 promu avec le QPR, c&rsquo;\u00e9tait presque fait avec Paris.\u00a0Je discutais avec Nasser [Al-Khelaifi] et nous [&hellip;]<\/p>\n","protected":false},"author":1738,"featured_media":0,"comment_status":"closed","ping_status":"closed","sticky":false,"template":"","format":"standard","meta":{"fifu_image_url":"\/\/cdn.lebuteur.com\/data\/images\/article\/thumbs\/large-benfica-adel-taarabt-revient-sur-son-transfert-rate-au-psg-14d8f.jpg","fifu_image_alt":"International : Benfica : Adel Taarabt revient sur son transfert rat\u00e9 au PSG","footnotes":""},"categories":[53,75],"tags":[],"class_list":["post-116508","post","type-post","status-publish","format-standard","hentry","category-algerie","category-sport"],"_links":{"self":[{"href":"https:\/\/linitiative.ca\/International\/wp-json\/wp\/v2\/posts\/116508","targetHints":{"allow":["GET"]}}],"collection":[{"href":"https:\/\/linitiative.ca\/International\/wp-json\/wp\/v2\/posts"}],"about":[{"href":"https:\/\/linitiative.ca\/International\/wp-json\/wp\/v2\/types\/post"}],"author":[{"embeddable":true,"href":"https:\/\/linitiative.ca\/International\/wp-json\/wp\/v2\/users\/1738"}],"replies":[{"embeddable":true,"href":"https:\/\/linitiative.ca\/International\/wp-json\/wp\/v2\/comments?post=116508"}],"version-history":[{"count":0,"href":"https:\/\/linitiative.ca\/International\/wp-json\/wp\/v2\/posts\/116508\/revisions"}],"wp:attachment":[{"href":"https:\/\/linitiative.ca\/International\/wp-json\/wp\/v2\/media?parent=116508"}],"wp:term":[{"taxonomy":"category","embeddable":true,"href":"https:\/\/linitiative.ca\/International\/wp-json\/wp\/v2\/categories?post=116508"},{"taxonomy":"post_tag","embeddable":true,"href":"https:\/\/linitiative.ca\/International\/wp-json\/wp\/v2\/tags?post=116508"}],"curies":[{"name":"wp","href":"https:\/\/api.w.org\/{rel}","templated":true}]}}