{"id":116514,"date":"2021-05-10T08:37:00","date_gmt":"2021-05-10T12:37:00","guid":{"rendered":"https:\/\/linitiative.ca\/International\/tunisie-garaa-sejnane-officiellement-reconnue-site-ramsar\/"},"modified":"2021-05-10T08:37:00","modified_gmt":"2021-05-10T12:37:00","slug":"tunisie-garaa-sejnane-officiellement-reconnue-site-ramsar","status":"publish","type":"post","link":"https:\/\/linitiative.ca\/International\/tunisie-garaa-sejnane-officiellement-reconnue-site-ramsar\/","title":{"rendered":"Tunisie: Gar\u00e2a Sejnane officiellement reconnue \u00abSite Ramsar\u00bb"},"content":{"rendered":"<p class=\"c3\"><span class=\"c2\"><strong><em><img decoding=\"async\" src=\"\/uploads\/FCK_files\/Hela-Guidara-Fr.jpg\" width=\"20%\" vspace=\"5\" hspace=\"5\" align=\"left\" alt=\"\"\/>Par Hela Guidara &#8211;<\/em><\/strong><\/span> Une premi\u00e8re pour un site priv\u00e9 en Tunisie, qui est aussi la plus grande zone humide naturelle du pays ! Le prestigieux statut est d\u00e9cern\u00e9 aux sites inscrits sur la liste des zones humides d\u2019importance internationale, et a \u00e9t\u00e9 d\u00e9croch\u00e9 en Mars 2021 par le projet Save Plants port\u00e9 par\u00a0 la DGF et\u00a0 l\u2019association WWF &#8211; Afrique du Nord, et financ\u00e9 par le Fonds de Partenariat pour les Ecosyst\u00e8mes Critiques (CEPF).<\/p>\n<p class=\"c3\"><span class=\"c4\"><strong>Une synergie gagnante<\/strong><\/span><\/p>\n<p class=\"c3\">Le v\u00e9ritable enjeu de ce projet, est d\u2019assurer une synergie entre les communaut\u00e9s locales -propri\u00e9taires et utilisateurs des terres- et les institutions publiques de conservation. La conservation des ressources v\u00e9g\u00e9tales du site ne peut \u00eatre garantie qu\u2019avec la sensibilisation des populations locales et de la soci\u00e9t\u00e9 civile (Associations, GDA&#8230;), et la formalisation de conventions et nouveaux protocoles entre ces acteurs diff\u00e9rents, mais r\u00e9unis autour de la conservation du site et ses ressources.<\/p>\n<p class=\"c3\">Gar\u00e2a Sejnane, est une zone humide d\u2019eau douce, remplie \u00e0 grand \u00e9tendue de 4 322 ha en hiver. Cependant, le plan d\u2019eau se r\u00e9tr\u00e9cie au printemps jusqu\u2019\u00e0 devenir compl\u00e8tement \u00e0 sec en \u00e9t\u00e9 pour devenir un domaine de p\u00e2turage. Ce plan d\u2019eau est en effet un terrain collectif priv\u00e9 appartenant aux communaut\u00e9s locales de Sejnane qui l\u2019utilisent pour le p\u00e2turage. Avec l\u2019irr\u00e9gularit\u00e9 des pr\u00e9cipitations et le drainage ill\u00e9gal depuis la fin des ann\u00e9es 50, la Gar\u00e2a devient favorable au p\u00e2turage presque toute l\u2019ann\u00e9e.<\/p>\n<p class=\"c3\"><img decoding=\"async\" src=\"\/uploads\/FCK_files\/thumbnail.jpg\" alt=\"\" width=\"100%\" vspace=\"5\" hspace=\"5\" align=\"middle\"\/><\/p>\n<p class=\"c3\"><span class=\"c4\"><strong>Une zone humide exceptionnelle<\/strong><\/span><\/p>\n<p class=\"c3\">En effet, la zone humide \u00e9tait historiquement un lac donc le drainage r\u00e9p\u00e9t\u00e9 \u00e0 caus\u00e9 sa disparition et entrain\u00e9 un important d\u00e9clin des communaut\u00e9s de plantes qui vivent immerg\u00e9es dans l&rsquo;eau. Le manque de statut de conservation du site qui appartient \u00e0 des propri\u00e9taires priv\u00e9s laissait peser des menaces majeures sur la Gar\u00e2a Sejenane avec une potentielle <span class=\"c5\"><strong>(i)<\/strong><\/span> intensification du drainage, <span class=\"c5\"><strong>(ii)<\/strong><\/span> invasion de plantes exotiques envahissantes et <span class=\"c5\"><strong>(iii)<\/strong><\/span> puisement excessif d\u2019eau potable.<\/p>\n<p class=\"c6\"><img decoding=\"async\" src=\"\/uploads\/FCK_files\/Gar\u00e2a-Sejenane-5.jpg\" alt=\"\" width=\"100%\" vspace=\"5\" hspace=\"5\" align=\"middle\"\/><\/p>\n<p class=\"c3\">Le site est un refuge pour plusieurs esp\u00e8ces menac\u00e9es, avec notamment la seule population au monde de Rumex tunetanus (consid\u00e9r\u00e9 en danger Critique d\u2019Extinction par l\u2019UICN), la plus grande population mondiale de la foug\u00e8re Pilularia minuta end\u00e9mique \u00e0 la r\u00e9gion m\u00e9diterran\u00e9enne, et la plus importante population d\u2019Elatine macropoda en Afrique du Nord. Le drainage du site est un danger r\u00e9el qui pourrait engendrer la disparition non seulement du Rumex mais de tout l\u2019\u00e9cosyst\u00e8me dont il d\u00e9pend.<\/p>\n<p class=\"c6\"><img decoding=\"async\" src=\"\/uploads\/FCK_files\/Gar\u00e2a-Sajenane- Rumex-tunetanus.jpg\" alt=\"\" width=\"100%\" vspace=\"5\" hspace=\"5\" align=\"middle\"\/><\/p>\n<p class=\"c3\"><span class=\"c4\"><strong>Une implication durable des communaut\u00e9s locales<\/strong><\/span><\/p>\n<p class=\"c3\">Les efforts de concertation et sensibilisation des propri\u00e9taires pendant deux ans ont abouti \u00e0 la conservation de Gar\u00e2a Sejnane et son syst\u00e8me hydraulique. Les communaut\u00e9s locales ont sign\u00e9 une charte pour mettre fin au drainage et garantir la protection du site pendant la p\u00e9riode de floraison de l\u2019esp\u00e8ce. L\u2019implication de la population locale pour la conservation du site est aussi compl\u00e9t\u00e9e par la multiplication in situ et ex situ de Rumex et autres plantes patrimoniales afin d\u2019assurer leur conservation.<\/p>\n<p class=\"c7\"><strong>Hela Guidara<\/strong><\/p>\n<p>Auteur:<br \/>\n<a href=\"https:\/\/www.leaders.com.tn\/article\/31856-tunisie-garaa-sejnane-officiellement-reconnue-site-ramsar\">Cliquez ici pour lire l&rsquo;article depuis sa source.<\/a><\/p>\n","protected":false},"excerpt":{"rendered":"<p>Par Hela Guidara &#8211; Une premi\u00e8re pour un site priv\u00e9 en Tunisie, qui est aussi la plus grande zone humide naturelle du pays ! Le prestigieux statut est d\u00e9cern\u00e9 aux sites inscrits sur la liste des zones humides d\u2019importance internationale, et a \u00e9t\u00e9 d\u00e9croch\u00e9 en Mars 2021 par le projet Save Plants port\u00e9 par\u00a0 la [&hellip;]<\/p>\n","protected":false},"author":1772,"featured_media":0,"comment_status":"closed","ping_status":"closed","sticky":false,"template":"","format":"standard","meta":{"fifu_image_url":"\/uploads\/FCK_files\/Hela-Guidara-Fr.jpg","fifu_image_alt":"Tunisie: Gar\u00e2a Sejnane officiellement reconnue \u00abSite Ramsar\u00bb","footnotes":""},"categories":[73,55],"tags":[],"class_list":["post-116514","post","type-post","status-publish","format-standard","hentry","category-actualite","category-tunisie"],"_links":{"self":[{"href":"https:\/\/linitiative.ca\/International\/wp-json\/wp\/v2\/posts\/116514","targetHints":{"allow":["GET"]}}],"collection":[{"href":"https:\/\/linitiative.ca\/International\/wp-json\/wp\/v2\/posts"}],"about":[{"href":"https:\/\/linitiative.ca\/International\/wp-json\/wp\/v2\/types\/post"}],"author":[{"embeddable":true,"href":"https:\/\/linitiative.ca\/International\/wp-json\/wp\/v2\/users\/1772"}],"replies":[{"embeddable":true,"href":"https:\/\/linitiative.ca\/International\/wp-json\/wp\/v2\/comments?post=116514"}],"version-history":[{"count":0,"href":"https:\/\/linitiative.ca\/International\/wp-json\/wp\/v2\/posts\/116514\/revisions"}],"wp:attachment":[{"href":"https:\/\/linitiative.ca\/International\/wp-json\/wp\/v2\/media?parent=116514"}],"wp:term":[{"taxonomy":"category","embeddable":true,"href":"https:\/\/linitiative.ca\/International\/wp-json\/wp\/v2\/categories?post=116514"},{"taxonomy":"post_tag","embeddable":true,"href":"https:\/\/linitiative.ca\/International\/wp-json\/wp\/v2\/tags?post=116514"}],"curies":[{"name":"wp","href":"https:\/\/api.w.org\/{rel}","templated":true}]}}