{"id":116516,"date":"2021-05-10T06:00:00","date_gmt":"2021-05-10T10:00:00","guid":{"rendered":"https:\/\/linitiative.ca\/International\/les-marches-soumises-a-autorisation\/"},"modified":"2021-05-10T06:00:00","modified_gmt":"2021-05-10T10:00:00","slug":"les-marches-soumises-a-autorisation","status":"publish","type":"post","link":"https:\/\/linitiative.ca\/International\/les-marches-soumises-a-autorisation\/","title":{"rendered":"Les marches soumises \u00e0 autorisation"},"content":{"rendered":"<p class=\"c3\">Le minist\u00e8re de l&rsquo;Int\u00e9rieur, des Collectivit\u00e9s locales et de l&rsquo;Am\u00e9nagement du territoire a indiqu\u00e9, dimanche dans un communiqu\u00e9, que les organisateurs des marches sont tenus \u00e0 la d\u00e9claration, aupr\u00e8s des services comp\u00e9tents, des noms des responsables de l&rsquo;organisation de la marche et des heures de son d\u00e9but et de sa fin, affirmant que le non-respect de ces proc\u00e9dures \u00ab d\u00e9nue la marche de tout caract\u00e8re l\u00e9gal \u00bb.\u00a0<br \/>\u00ab Il a \u00e9t\u00e9 constat\u00e9 r\u00e9cemment que les marches hebdomadaires commencent \u00e0 enregistrer de graves d\u00e9rapages et d\u00e9rives en termes d&rsquo;indiff\u00e9rence aux d\u00e9sagr\u00e9ments caus\u00e9s aux citoyens et d&rsquo;atteintes aux libert\u00e9s du fait d&rsquo;individus changeant, \u00e0 tout moment, l&rsquo;itin\u00e9raire sous pr\u00e9texte d&rsquo;\u00eatre libres de marcher dans n&rsquo;importe quelle direction et \u00e0 travers n&rsquo;importe quel axe, ce qui est contraire \u00e0 l&rsquo;ordre public et aux lois de la R\u00e9publique \u00bb, lit-on dans le communiqu\u00e9.<br \/>Rappelant ce que consacre la Constitution de novembre 2020 en mati\u00e8re de libert\u00e9 de marches, le minist\u00e8re de l&rsquo;Int\u00e9rieur fait savoir que \u00ab les organisateurs\u00a0 des marches sont tenus \u00e0 la d\u00e9claration, aupr\u00e8s des services comp\u00e9tents, des noms des responsables de l&rsquo;organisation de la marche, des heures de son d\u00e9but et de sa fin, de l\u2019itin\u00e9raire et des slogans \u00e0 lever, conform\u00e9ment \u00e0 la loi.<br \/>\u00ab Le non-respect de ces proc\u00e9dures constitue une infraction aux yeux de la loi et de la Constitution, ce qui d\u00e9nue la marche de tout caract\u00e8re l\u00e9gal et implique un traitement en cons\u00e9quence \u00bb, conclut le communiqu\u00e9.<br \/>APS<\/p>\n<p>Auteur:<br \/>\n<a href=\"https:\/\/www.lesoirdalgerie.com\/actualites\/les-marches-soumises-a-autorisation-60932\">Cliquez ici pour lire l&rsquo;article depuis sa source.<\/a><\/p>\n","protected":false},"excerpt":{"rendered":"<p>Le minist\u00e8re de l&rsquo;Int\u00e9rieur, des Collectivit\u00e9s locales et de l&rsquo;Am\u00e9nagement du territoire a indiqu\u00e9, dimanche dans un communiqu\u00e9, que les organisateurs des marches sont tenus \u00e0 la d\u00e9claration, aupr\u00e8s des services comp\u00e9tents, des noms des responsables de l&rsquo;organisation de la marche et des heures de son d\u00e9but et de sa fin, affirmant que le non-respect [&hellip;]<\/p>\n","protected":false},"author":1741,"featured_media":0,"comment_status":"closed","ping_status":"closed","sticky":false,"template":"","format":"standard","meta":{"fifu_image_url":"","fifu_image_alt":"","footnotes":""},"categories":[73,53],"tags":[],"class_list":["post-116516","post","type-post","status-publish","format-standard","hentry","category-actualite","category-algerie"],"_links":{"self":[{"href":"https:\/\/linitiative.ca\/International\/wp-json\/wp\/v2\/posts\/116516","targetHints":{"allow":["GET"]}}],"collection":[{"href":"https:\/\/linitiative.ca\/International\/wp-json\/wp\/v2\/posts"}],"about":[{"href":"https:\/\/linitiative.ca\/International\/wp-json\/wp\/v2\/types\/post"}],"author":[{"embeddable":true,"href":"https:\/\/linitiative.ca\/International\/wp-json\/wp\/v2\/users\/1741"}],"replies":[{"embeddable":true,"href":"https:\/\/linitiative.ca\/International\/wp-json\/wp\/v2\/comments?post=116516"}],"version-history":[{"count":0,"href":"https:\/\/linitiative.ca\/International\/wp-json\/wp\/v2\/posts\/116516\/revisions"}],"wp:attachment":[{"href":"https:\/\/linitiative.ca\/International\/wp-json\/wp\/v2\/media?parent=116516"}],"wp:term":[{"taxonomy":"category","embeddable":true,"href":"https:\/\/linitiative.ca\/International\/wp-json\/wp\/v2\/categories?post=116516"},{"taxonomy":"post_tag","embeddable":true,"href":"https:\/\/linitiative.ca\/International\/wp-json\/wp\/v2\/tags?post=116516"}],"curies":[{"name":"wp","href":"https:\/\/api.w.org\/{rel}","templated":true}]}}