{"id":116517,"date":"2021-05-10T06:00:00","date_gmt":"2021-05-10T10:00:00","guid":{"rendered":"https:\/\/linitiative.ca\/International\/les-etablissements-scolaires-relativement-perturbes\/"},"modified":"2021-05-10T06:00:00","modified_gmt":"2021-05-10T10:00:00","slug":"les-etablissements-scolaires-relativement-perturbes","status":"publish","type":"post","link":"https:\/\/linitiative.ca\/International\/les-etablissements-scolaires-relativement-perturbes\/","title":{"rendered":"Les \u00e9tablissements scolaires relativement perturb\u00e9s"},"content":{"rendered":"<p class=\"c3\">Plusieurs organisations syndicales ont appel\u00e9 le personnel des trois paliers \u00e0 cesser le travail durant trois jours, \u00e0 compter d\u2019hier dimanche, pour r\u00e9clamer l\u2019am\u00e9lioration du pouvoir d\u2019achat et la prise en charge de l\u2019ensemble des revendications socioprofessionnelles. Les gr\u00e9vistes ont \u00e9galement observ\u00e9 des rassemblements devant les Directions de l\u2019\u00e9ducation de wilaya. Lors de cette premi\u00e8re journ\u00e9e de d\u00e9brayage, le suivi de la gr\u00e8ve \u00e9tait relativement important, dans la mesure o\u00f9 un certain nombre de structures scolaires \u00e9taient \u00e0 moiti\u00e9 paralys\u00e9es, voire ferm\u00e9es pour d\u2019autres. Le taux de suivi a vari\u00e9 bien \u00e9videmment d\u2019un \u00e9tablissement \u00e0 un autre et d\u2019une wilaya \u00e0 une autre.<br \/>Massiva Zehraoui &#8211; Alger (Le Soir) &#8211; Cela dit, l\u2019appel massif de 14 syndicats autonomes de l\u2019\u00e9ducation \u00e0 la gr\u00e8ve a engendr\u00e9 des perturbations assez importantes pour \u00eatre remarqu\u00e9es dans plusieurs \u00e9tablissements scolaires du pays. Les \u00e9chos parvenus des coll\u00e8ges et primaires relevant de plusieurs wilayas ont fait part d\u2019une large adh\u00e9sion du personnel de l\u2019\u00e9ducation dans les paliers du primaire et du moyen, notamment.\u00a0\u00a0<br \/>Le d\u00e9brayage a \u00e9t\u00e9 \u00e9galement suivi dans les lyc\u00e9es, mais sans conduire au gel total des activit\u00e9s scolaires comme c\u2019\u00e9tait le cas pour quelques \u00e9coles primaires, dont les directeurs ont rejoint la protesta. Les acteurs de l\u2019\u00e9ducation pr\u00e9voient d\u2019ailleurs une mobilisation plus cons\u00e9quente aujourd\u2019hui et demain.\u00a0<br \/>Selon Amira Chabane, enseignante dans une \u00e9cole primaire \u00e0 Mostaganem et membre de l\u2019Union nationale du personnel de l\u2019\u00e9ducation et de la formation (Unpef), le taux de suivi \u00e9tait dans l\u2019ensemble \u00ab appr\u00e9ciable pour une premi\u00e8re journ\u00e9e \u00bb. Elle a soulign\u00e9 que des sit-in ayant regroup\u00e9 plusieurs enseignants et autres fonctionnaires du secteur ont eu lieu devant la Direction de l\u2019\u00e9ducation relevant de cette wilaya.\u00a0<br \/>\u00c0 Tlemcen, la mobilisation \u00e9tait au rendez-vous, de fa\u00e7on plus prononc\u00e9e dans les \u00e9coles primaires. Un rassemblement a \u00e9galement accompagn\u00e9 cette journ\u00e9e de d\u00e9brayage devant le si\u00e8ge de la Direction de l\u2019\u00e9ducation nationale. Sur place, de nombreux protestataires ont d\u00e9nonc\u00e9 le \u00ab manque d\u2019int\u00e9r\u00eat de la tutelle \u00e0 l\u2019\u00e9gard des pr\u00e9occupations des corps de l\u2019\u00e9ducation \u00bb.\u00a0<br \/>Boualem Amoura, pr\u00e9sident du Syndicat autonome des travailleurs de l\u2019\u00e9ducation (Satef), a point\u00e9 du doigt le d\u00e9tachement de la tutelle vis-\u00e0-vis des revendications soumises par l\u2019ensemble du personnel de l\u2019\u00e9ducation depuis des ann\u00e9es. Il estime qu\u2019organiser des r\u00e9unions pour faire des promesses verbales n\u2019est pas consid\u00e9r\u00e9 comme \u00ab une invitation \u00e0 un dialogue s\u00e9rieux\u00a0 et serein \u00bb.\u00a0<br \/>\u00c0 propos de cette premi\u00e8re journ\u00e9e de gr\u00e8ve, Boualem Amoura a fait \u00e9tat d\u2019un suivi de 75% \u00e0 l\u2019\u00e9chelle nationale, avec un taux plus qu\u2019appr\u00e9ciable dans les \u00e9coles primaires et coll\u00e8ges relevant des wilayas de Setif, Sa\u00efda, Laghouat, Timimoun, entre autres.\u00a0 Le pr\u00e9sident du Satef pr\u00e9vient que si l\u2019ent\u00eatement de la tutelle perdure, \u00ab d\u2019autres actions seront engag\u00e9es, au risque de compromettre le bon d\u00e9roulement des examens de fin d\u2019ann\u00e9e \u00bb. La balle est dans le camp du minist\u00e8re, rel\u00e8ve ainsi le syndicaliste.\u00a0<br \/>\u00c0 Tizi Ouzou, Alger, B\u00e9ja\u00efa, Setif et encore Sa\u00efda, les travailleurs de l\u2019\u00e9ducation ont r\u00e9pondu favorablement \u00e0 l\u2019appel. Plusieurs \u00e9coles ont d\u00fb fermer selon des sources proches du milieu. Cela \u00e9tant, le taux de participation s\u2019est r\u00e9v\u00e9l\u00e9 tr\u00e8s mitig\u00e9 dans quelques \u00e9tablissements, particuli\u00e8rement les lyc\u00e9es.\u00a0\u00a0<br \/>Ahmed Guettaf, qui est membre de l\u2019association des parents d\u2019\u00e9l\u00e8ves \u00e0 Alger, a indiqu\u00e9 dans ce contexte qu\u2019except\u00e9 quelques \u00e9tablissements scolaires, notamment ceux du primaire, \u00ab la gr\u00e8ve n\u2019a pas eu d\u2019impact particulier dans l\u2019ensemble des structures \u00e9ducatives \u00bb. Chose que contrediront d\u2019autres repr\u00e9sentants de l\u2019\u00e9ducation, qui rappellent que la gr\u00e8ve initi\u00e9e par les syndicats autonomes s\u2019est greff\u00e9e \u00e0 celle en cours du mouvement spontan\u00e9 d\u00e9clench\u00e9 \u00e0 Oran depuis plusieurs semaines. Ce qui a entra\u00een\u00e9 des perturbations majeures dans les \u00e9tablissements scolaires de quelques wilayas de l\u2019Ouest.<br \/>Rappelons que les revendications qui sont nombreuses portent principalement sur l\u2019am\u00e9lioration des conditions sociales des fonctionnaires de l\u2019\u00e9ducation. Mais encore, elles remettent sur le tapis l\u2019indispensable retour \u00e0 la retraite proportionnelle sans condition d\u2019\u00e2ge.\u00a0<br \/>M. Z.<\/p>\n<p>Auteur:<br \/>\n<a href=\"https:\/\/www.lesoirdalgerie.com\/actualites\/les-etablissements-scolaires-relativement-perturbes-60931\">Cliquez ici pour lire l&rsquo;article depuis sa source.<\/a><\/p>\n","protected":false},"excerpt":{"rendered":"<p>Plusieurs organisations syndicales ont appel\u00e9 le personnel des trois paliers \u00e0 cesser le travail durant trois jours, \u00e0 compter d\u2019hier dimanche, pour r\u00e9clamer l\u2019am\u00e9lioration du pouvoir d\u2019achat et la prise en charge de l\u2019ensemble des revendications socioprofessionnelles. Les gr\u00e9vistes ont \u00e9galement observ\u00e9 des rassemblements devant les Directions de l\u2019\u00e9ducation de wilaya. Lors de cette premi\u00e8re [&hellip;]<\/p>\n","protected":false},"author":1741,"featured_media":0,"comment_status":"closed","ping_status":"closed","sticky":false,"template":"","format":"standard","meta":{"fifu_image_url":"","fifu_image_alt":"","footnotes":""},"categories":[73,53],"tags":[],"class_list":["post-116517","post","type-post","status-publish","format-standard","hentry","category-actualite","category-algerie"],"_links":{"self":[{"href":"https:\/\/linitiative.ca\/International\/wp-json\/wp\/v2\/posts\/116517","targetHints":{"allow":["GET"]}}],"collection":[{"href":"https:\/\/linitiative.ca\/International\/wp-json\/wp\/v2\/posts"}],"about":[{"href":"https:\/\/linitiative.ca\/International\/wp-json\/wp\/v2\/types\/post"}],"author":[{"embeddable":true,"href":"https:\/\/linitiative.ca\/International\/wp-json\/wp\/v2\/users\/1741"}],"replies":[{"embeddable":true,"href":"https:\/\/linitiative.ca\/International\/wp-json\/wp\/v2\/comments?post=116517"}],"version-history":[{"count":0,"href":"https:\/\/linitiative.ca\/International\/wp-json\/wp\/v2\/posts\/116517\/revisions"}],"wp:attachment":[{"href":"https:\/\/linitiative.ca\/International\/wp-json\/wp\/v2\/media?parent=116517"}],"wp:term":[{"taxonomy":"category","embeddable":true,"href":"https:\/\/linitiative.ca\/International\/wp-json\/wp\/v2\/categories?post=116517"},{"taxonomy":"post_tag","embeddable":true,"href":"https:\/\/linitiative.ca\/International\/wp-json\/wp\/v2\/tags?post=116517"}],"curies":[{"name":"wp","href":"https:\/\/api.w.org\/{rel}","templated":true}]}}