{"id":116518,"date":"2021-05-10T06:00:00","date_gmt":"2021-05-10T10:00:00","guid":{"rendered":"https:\/\/linitiative.ca\/International\/des-chefs-de-partis-chez-charfi\/"},"modified":"2021-05-10T06:00:00","modified_gmt":"2021-05-10T10:00:00","slug":"des-chefs-de-partis-chez-charfi","status":"publish","type":"post","link":"https:\/\/linitiative.ca\/International\/des-chefs-de-partis-chez-charfi\/","title":{"rendered":"Des chefs de partis chez Charfi"},"content":{"rendered":"<p class=\"c3\">C\u2019est, hier, qu\u2019ont pris fin les d\u00e9lais impartis \u00e0 l\u2019\u00e9tude des dossiers des candidats aux \u00e9lections l\u00e9gislatives anticip\u00e9es du 12 juin prochain.<br \/>M. Kebci &#8211; Alger (Le Soir) &#8211; Une phase qui a \u00e9t\u00e9 marqu\u00e9e du sceau d\u2019une avalanche de refus, pour diverses raisons, de candidatures, qu\u2019elles soient partisanes ou ind\u00e9pendantes. Ce qui a fait r\u00e9agir notamment les partis parmi m\u00eame ceux de l\u2019ex-all\u00e9geance qui ne cessent de crier \u00e0 ce qu\u2019ils qualifient \u00abd\u2019injustice caract\u00e9ris\u00e9e\u00bb et \u00e0 solliciter, via une p\u00e9tition initi\u00e9e par Fadjr el Djadid et appuy\u00e9e par cinq autres partis (MSP, FJD, le parti la Voix du peuple, el Binaa et Jil Jadid, une entrevue avec le pr\u00e9sident de l\u2019Autorit\u00e9 nationale ind\u00e9pendante des \u00e9lections qui chapeaute le processus \u00e9lectoral de bout en bout.\u00a0<br \/>Ce qui a eu lieu, hier, puisque Mohamed Charfi a rencontr\u00e9 les pr\u00e9sidents d\u2019une douzaine de partis. Avec au menu, donc, des r\u00e9clamations au sujet de ces rejets massifs de dossiers de candidature, voire de listes enti\u00e8res pour non-conformit\u00e9 avec des dispositions de la nouvelle loi \u00e9lectorale. Notamment l\u2019article de la discorde, le 200, qui, dans son alin\u00e9a 6, stipule que le candidat \u00e0 l\u2019Assembl\u00e9e populaire nationale \u00abne doit pas \u00eatre connu de mani\u00e8re notoire pour avoir eu des liens avec l\u2019argent douteux et les milieux de l\u2019affairisme, et pour son influence directe ou indirecte sur le libre choix des \u00e9lecteurs ainsi que sur le bon d\u00e9roulement des op\u00e9rations \u00e9lectorales\u00bb.<br \/>Une disposition \u00abfloue aussi bien dans son application qu\u2019en termes de respect des principes \u00e9nonc\u00e9s dans l\u2019article 34 de la Constitution\u00bb, comme le rel\u00e8ve le RND dans un communiqu\u00e9 rendu public samedi. Une disposition qui ouvre, ainsi, la voie \u00e0 toutes les interpr\u00e9tations,\u00a0 avec des verdicts \u00abdiff\u00e9rents\u00bb d\u2019une circonscription \u00e9lectorale \u00e0 l\u2019autre, pour la m\u00eame \u00absuppos\u00e9e infraction\u00bb \u00e0 la loi \u00e9lectorale. Mais, selon le charg\u00e9 de la communication au sein de Jil Jadid, il n\u2019y avait pas que ces cas de \u00abrejets\u00bb de candidatures au menu du conclave d\u2019hier.\u00a0<br \/>Habib Brahmia affirme qu\u2019il \u00e9tait attendu que le pr\u00e9sident de l\u2019Anie \u00abexplicite la loi \u00e9lectorale par bien d\u2019aspects qui demeurent encore m\u00e9connus des partis, alors que nous ne sommes qu\u2019\u00e0 un mois du scrutin\u00bb.<br \/>Et de citer en exemple \u00abl\u2019op\u00e9ration de vote en elle-m\u00eame dont on ne conna\u00eet rien\u00bb. \u00abNous ne savons pas \u00e0 ce jour comment les \u00e9lecteurs voteront, comment se fera le d\u00e9pouillement, avec le nouveau mode de scrutin de liste proportionnelle ouverte et l\u2019inflation de listes \u00e9lectorales,\u00a0 et comment se fera la r\u00e9partition des si\u00e8ges parmi les listes gagnantes \u00bb, avoue notre interlocuteur qui \u00e9voque \u00e9galement le cas des listes enti\u00e8rement rejet\u00e9es pour non-conformit\u00e9 avec la parit\u00e9 des candidats en termes d\u2019\u00e2ge.\u00a0<br \/>Une autre source partisane affirme que la proposition d\u2019une prorogation des d\u00e9lais de traitement des dossiers de candidature pourrait \u00eatre faite au pr\u00e9sident de l\u2019Anie, \u00e0 l\u2019effet de permettre aux partis de pouvoir remplacer les dossiers ayant fait l\u2019objet de rejet.<br \/>M. K.<\/p>\n<p>Auteur:<br \/>\n<a href=\"https:\/\/www.lesoirdalgerie.com\/actualites\/des-chefs-de-partis-chez-charfi-60930\">Cliquez ici pour lire l&rsquo;article depuis sa source.<\/a><\/p>\n","protected":false},"excerpt":{"rendered":"<p>C\u2019est, hier, qu\u2019ont pris fin les d\u00e9lais impartis \u00e0 l\u2019\u00e9tude des dossiers des candidats aux \u00e9lections l\u00e9gislatives anticip\u00e9es du 12 juin prochain.M. Kebci &#8211; Alger (Le Soir) &#8211; Une phase qui a \u00e9t\u00e9 marqu\u00e9e du sceau d\u2019une avalanche de refus, pour diverses raisons, de candidatures, qu\u2019elles soient partisanes ou ind\u00e9pendantes. Ce qui a fait r\u00e9agir [&hellip;]<\/p>\n","protected":false},"author":1741,"featured_media":0,"comment_status":"closed","ping_status":"closed","sticky":false,"template":"","format":"standard","meta":{"fifu_image_url":"","fifu_image_alt":"","footnotes":""},"categories":[73,53],"tags":[],"class_list":["post-116518","post","type-post","status-publish","format-standard","hentry","category-actualite","category-algerie"],"_links":{"self":[{"href":"https:\/\/linitiative.ca\/International\/wp-json\/wp\/v2\/posts\/116518","targetHints":{"allow":["GET"]}}],"collection":[{"href":"https:\/\/linitiative.ca\/International\/wp-json\/wp\/v2\/posts"}],"about":[{"href":"https:\/\/linitiative.ca\/International\/wp-json\/wp\/v2\/types\/post"}],"author":[{"embeddable":true,"href":"https:\/\/linitiative.ca\/International\/wp-json\/wp\/v2\/users\/1741"}],"replies":[{"embeddable":true,"href":"https:\/\/linitiative.ca\/International\/wp-json\/wp\/v2\/comments?post=116518"}],"version-history":[{"count":0,"href":"https:\/\/linitiative.ca\/International\/wp-json\/wp\/v2\/posts\/116518\/revisions"}],"wp:attachment":[{"href":"https:\/\/linitiative.ca\/International\/wp-json\/wp\/v2\/media?parent=116518"}],"wp:term":[{"taxonomy":"category","embeddable":true,"href":"https:\/\/linitiative.ca\/International\/wp-json\/wp\/v2\/categories?post=116518"},{"taxonomy":"post_tag","embeddable":true,"href":"https:\/\/linitiative.ca\/International\/wp-json\/wp\/v2\/tags?post=116518"}],"curies":[{"name":"wp","href":"https:\/\/api.w.org\/{rel}","templated":true}]}}