{"id":116519,"date":"2021-05-10T06:00:00","date_gmt":"2021-05-10T10:00:00","guid":{"rendered":"https:\/\/linitiative.ca\/International\/le-sporting-presque-champion-grace-au-pari-de-la-jeunesse\/"},"modified":"2021-05-10T06:00:00","modified_gmt":"2021-05-10T10:00:00","slug":"le-sporting-presque-champion-grace-au-pari-de-la-jeunesse","status":"publish","type":"post","link":"https:\/\/linitiative.ca\/International\/le-sporting-presque-champion-grace-au-pari-de-la-jeunesse\/","title":{"rendered":"Le Sporting presque champion gr\u00e2ce au pari de la jeunesse"},"content":{"rendered":"<p class=\"c3\">Tout proche de son premier titre de champion du Portugal en 19 ans, le Sporting esp\u00e8re \u00eatre r\u00e9compens\u00e9 pour avoir \u00e0 nouveau mis\u00e9 sur un centre de formation qui faisait sa renomm\u00e9e, mais ne garnissait pas son armoire \u00e0 troph\u00e9es.\u00a0<br \/>Le club formateur du quintuple Ballon d&rsquo;or Cristiano Ronaldo peut \u00eatre sacr\u00e9 d\u00e8s lundi en cas de faux pas de son dauphin le FC Porto, qui re\u00e7oit ce soir (20h15) l&rsquo;avant-dernier Farense, ou mardi soir (20h30) en cas de victoire des \u00abLions\u00bb dans leur antre d&rsquo;Alvalade \u00e0 Lisbonne face au premier rel\u00e9gable Boavista. L&rsquo;\u00e9cart de huit points creus\u00e9 en t\u00eate du classement par une \u00e9quipe toujours invaincue \u00e0 trois journ\u00e9es de la fin du championnat est un exploit pour un club qui, trois ans auparavant, traversait la pire crise de son histoire centenaire, lorsque des supporters ont envahi et saccag\u00e9 son centre d&rsquo;entra\u00eenement, agressant ou mena\u00e7ant joueurs et staff. L&rsquo;incident a provoqu\u00e9 le d\u00e9part de plusieurs cadres de l&rsquo;effectif et du coach Jorge Jesus, mais aussi la d\u00e9mission d&rsquo;une direction accus\u00e9e d&rsquo;avoir attis\u00e9 la col\u00e8re des fans. Le renouveau du Sporting a commenc\u00e9 en 2020 quand le pr\u00e9sident Frederico Varandas a d\u00e9cid\u00e9 de \u00abchanger de paradigme\u00bb, afin de placer \u00e0 nouveau la jeunesse au coeur de sa politique sportive et renouer avec l&rsquo;h\u00e9ritage d&rsquo;un club qui a vu na\u00eetre le Ballon d&rsquo;or Luis Figo et, plus r\u00e9cemment, pr\u00e8s de la moiti\u00e9 des vainqueurs de l&rsquo;Euro-2016 comme Joao Moutinho, Nani ou Ricardo Quaresma.<\/p>\n<p class=\"c3\"><strong>De jeunes promesses&#8230;<\/strong><br \/>Cette saison a donc vu la mont\u00e9e en puissance de joueurs \u00e0 fort potentiel issus du vivier, promus en \u00e9quipe premi\u00e8re et r\u00e9guli\u00e8rement utilis\u00e9s par l&rsquo;entra\u00eeneur Ruben Amorim, lui-m\u00eame \u00e2g\u00e9 de 36 ans seulement. En d\u00e9fense, Gon\u00e7alo Inacio (19 ans) et Nuno Mendes (18 ans), courtis\u00e9s notamment par Manchester City et la Juventus Turin, se sont impos\u00e9s comme des titulaires indiscutables. Au milieu, Daniel Bragan\u00e7a (21 ans) et Matheus Nunes (22 ans) ont souvent fait des entr\u00e9es d\u00e9cisives. Et en attaque, Jovane Cabral (22 ans) et Tiago Tomas (18 ans) ont marqu\u00e9 des buts importants. La jeunesse \u00abc&rsquo;est notre pari\u00bb, relevait Amorim fin mars, apr\u00e8s les d\u00e9buts du milieu Dario Essugo, devenu \u00e0 16 ans et 6 jours le plus jeune joueur \u00e0 disputer un match de premi\u00e8re division portugaise. \u00abDario a beaucoup de talent, il fait partie de notre projet. Peu importe l&rsquo;\u00e2ge, c&rsquo;est un message pour tous les gamins qui doutent entre plusieurs clubs, qu&rsquo;ils sachent qu&rsquo;ici la porte est ouverte\u00bb, a soulign\u00e9 l&rsquo;entra\u00eeneur. Au-del\u00e0 des joueurs issus de son \u00abacad\u00e9mie\u00bb, le Sporting est une des \u00e9quipes les plus jeunes du championnat car son recrutement a ob\u00e9i \u00e0 cette m\u00eame logique.<\/p>\n<p class=\"c3\"><strong>&#8230; Et un zeste d&rsquo;exp\u00e9rience<\/strong><br \/>Ses paris les plus r\u00e9ussis sont l&rsquo;Espagnol Pedro Porro (21 ans) et le Portugais Pedro Gon\u00e7alves (22 ans), \u00e9lu meilleur espoir du championnat la saison derni\u00e8re et actuellement en t\u00eate des buteurs de la comp\u00e9tition avec 18 r\u00e9alisations, \u00e0 \u00e9galit\u00e9 avec l&rsquo;international suisse du Benfica Haris Seferovic. Pour encadrer cette pouponni\u00e8re, le Sporting a tout de m\u00eame fait venir l&rsquo;\u00e9t\u00e9 dernier quelques joueurs d&rsquo;exp\u00e9rience comme l&rsquo;international portugais Joao Mario, form\u00e9 au club, l&rsquo;ancien gardien du Real Madrid Antonio Adan ou encore l&rsquo;international marocain Zouhair Feddal. Et cet hiver, c&rsquo;est Joao Pereira, ex-international portugais de 37 ans, qui est revenu au Sporting. \u00abLe m\u00e9lange entre joueurs de l&rsquo;acad\u00e9mie et joueurs plus exp\u00e9riment\u00e9s est important dans le succ\u00e8s des \u00e9quipes\u00bb, expliquait Amorim apr\u00e8s avoir garanti l&rsquo;acc\u00e8s \u00e0 la Ligue des champions la saison prochaine. \u00abNous allons souffrir (en C1, Ndlr), mais nous ne pouvons pas changer notre id\u00e9e de parier sur la formation et la valorisation des joueurs.\u00bb<\/p>\n<p>Auteur:<br \/>\n<a href=\"https:\/\/www.lesoirdalgerie.com\/sports\/le-sporting-presque-champion-grace-au-pari-de-la-jeunesse-60928\">Cliquez ici pour lire l&rsquo;article depuis sa source.<\/a><\/p>\n","protected":false},"excerpt":{"rendered":"<p>Tout proche de son premier titre de champion du Portugal en 19 ans, le Sporting esp\u00e8re \u00eatre r\u00e9compens\u00e9 pour avoir \u00e0 nouveau mis\u00e9 sur un centre de formation qui faisait sa renomm\u00e9e, mais ne garnissait pas son armoire \u00e0 troph\u00e9es.\u00a0Le club formateur du quintuple Ballon d&rsquo;or Cristiano Ronaldo peut \u00eatre sacr\u00e9 d\u00e8s lundi en cas [&hellip;]<\/p>\n","protected":false},"author":1741,"featured_media":0,"comment_status":"closed","ping_status":"closed","sticky":false,"template":"","format":"standard","meta":{"fifu_image_url":"","fifu_image_alt":"","footnotes":""},"categories":[73,53],"tags":[],"class_list":["post-116519","post","type-post","status-publish","format-standard","hentry","category-actualite","category-algerie"],"_links":{"self":[{"href":"https:\/\/linitiative.ca\/International\/wp-json\/wp\/v2\/posts\/116519","targetHints":{"allow":["GET"]}}],"collection":[{"href":"https:\/\/linitiative.ca\/International\/wp-json\/wp\/v2\/posts"}],"about":[{"href":"https:\/\/linitiative.ca\/International\/wp-json\/wp\/v2\/types\/post"}],"author":[{"embeddable":true,"href":"https:\/\/linitiative.ca\/International\/wp-json\/wp\/v2\/users\/1741"}],"replies":[{"embeddable":true,"href":"https:\/\/linitiative.ca\/International\/wp-json\/wp\/v2\/comments?post=116519"}],"version-history":[{"count":0,"href":"https:\/\/linitiative.ca\/International\/wp-json\/wp\/v2\/posts\/116519\/revisions"}],"wp:attachment":[{"href":"https:\/\/linitiative.ca\/International\/wp-json\/wp\/v2\/media?parent=116519"}],"wp:term":[{"taxonomy":"category","embeddable":true,"href":"https:\/\/linitiative.ca\/International\/wp-json\/wp\/v2\/categories?post=116519"},{"taxonomy":"post_tag","embeddable":true,"href":"https:\/\/linitiative.ca\/International\/wp-json\/wp\/v2\/tags?post=116519"}],"curies":[{"name":"wp","href":"https:\/\/api.w.org\/{rel}","templated":true}]}}