{"id":116521,"date":"2021-05-10T11:20:32","date_gmt":"2021-05-10T15:20:32","guid":{"rendered":"https:\/\/linitiative.ca\/International\/lassociation-arts-et-cultures-se-mobilise-en-faveur-de-linclusion-sociale-et-du-developpement-humain\/"},"modified":"2021-05-10T11:20:32","modified_gmt":"2021-05-10T15:20:32","slug":"lassociation-arts-et-cultures-se-mobilise-en-faveur-de-linclusion-sociale-et-du-developpement-humain","status":"publish","type":"post","link":"https:\/\/linitiative.ca\/International\/lassociation-arts-et-cultures-se-mobilise-en-faveur-de-linclusion-sociale-et-du-developpement-humain\/","title":{"rendered":"L\u2019association Arts et Cultures se mobilise en faveur de l\u2019inclusion sociale et du d\u00e9veloppement humain"},"content":{"rendered":"<p><strong>Les membres de l\u2019Association Arts et Cultures ont organis\u00e9 samedi 8 mai 2021, au si\u00e8ge de l\u2019association sis au complexe sportif Mohammed V de Casablanca, des ateliers en faveur d\u2019enfants issus du monde associatif.<\/strong><\/p>\n<div class=\"c10\">\n<\/div>\n<p>Les membres souhaitent \u00e0 travers cette rencontre artistique, o\u00f9 toutes les dispositions sanitaires et les mesures de distanciation physique ont \u00e9t\u00e9 scrupuleusement respect\u00e9es, transmettre une note d\u2019espoir refl\u00e9tant un avenir o\u00f9 les arts et la culture devraient jouer leur r\u00f4le d\u2019inclusion sociale et de d\u00e9veloppement humain. Un ensemble d\u2019artistes, d\u2019intellectuels et de personnalit\u00e9s a tenu \u00e0 accompagner cette initiative, dont Nawal El Moutawakel, Dr Soumaya Guessous, Omar Sayed, Hajj Youness, Belaid Bouimid, Hassan Narrais, Dr Chakib Guessous, Pr Cherrouk Mohamed, les Pr Asri Fr\u00e8res, Baker Saddiki, Aziz Bassket, ainsi que les artistes participants, les peintres Ghattas, Laaraj et Falaki, le violoniste Mohamed Bicha, les Mauricio (groupe chilien), etc. \u00ab\u00a0\u00c0 travers cet \u00e9v\u00e8nement, nous avons voulu expliquer que le Covid-19 ne veut pas dire l\u2019arr\u00eat total des activit\u00e9s. Le corps associatif est celui qui doit le plus \u00eatre actif lors de cette conjoncture pour sensibiliser les gens. La pand\u00e9mie a n\u00e9gativement impact\u00e9 le quotidien de plusieurs personnes. Dans ce sens, les activit\u00e9s organis\u00e9es le samedi ont permis aux enfants de d\u00e9compresser. Nous ne comptons pas nous arr\u00eater l\u00e0 puisque nous sommes en train de pr\u00e9parer des concours de piano, de luth, de violon et de po\u00e9sie\u00a0\u00bb, explique Zouhair Kamari, pr\u00e9sident de l\u2019association Arts et Cultures.<\/p>\n<p><strong>Lire aussi | <a href=\"https:\/\/www.challenge.ma\/cpu-immatriculation-des-personnes-assujetties-a-travers-des-reseaux-de-proximite-a-partir-du-11-mai-184085\/\" target=\"_blank\" rel=\"noreferrer noopener\">CPU : immatriculation des personnes assujetties \u00e0 travers des r\u00e9seaux de proximit\u00e9 \u00e0 partir du 11 mai<\/a><\/strong><\/p>\n<p>Lors de cette rencontre, les enfants invit\u00e9s, encadr\u00e9s par les professionnels, ont exprim\u00e9 leur attachement \u00e0 leur patrie \u00e0 travers des r\u00e9alisations picturales, des chants et de la musique. L\u2019association cr\u00e9\u00e9e il y a quinze ans dans le but de promouvoir l\u2019art et la culture au Royaume a ainsi tenu \u00e0 se mobiliser en cette p\u00e9riode, prouvant ainsi que la culture dans sa transversalit\u00e9 ne peut qu\u2019\u00eatre g\u00e9n\u00e9ralis\u00e9e dans notre soci\u00e9t\u00e9, surtout que la strat\u00e9gie nationale sanitaire en cours est un exemple mondial en la mati\u00e8re, sous les Hautes Directives de S.M. le Roi.<\/p>\n<p>Auteur: challenge<br \/>\n<a href=\"https:\/\/www.challenge.ma\/lassociation-arts-et-cultures-se-mobilise-en-faveur-de-linclusion-sociale-et-du-developpement-humain-184121\/\">Cliquez ici pour lire l&rsquo;article depuis sa source.<\/a><\/p>\n","protected":false},"excerpt":{"rendered":"<p>Les membres de l\u2019Association Arts et Cultures ont organis\u00e9 samedi 8 mai 2021, au si\u00e8ge de l\u2019association sis au complexe sportif Mohammed V de Casablanca, des ateliers en faveur d\u2019enfants issus du monde associatif. Les membres souhaitent \u00e0 travers cette rencontre artistique, o\u00f9 toutes les dispositions sanitaires et les mesures de distanciation physique ont \u00e9t\u00e9 [&hellip;]<\/p>\n","protected":false},"author":1787,"featured_media":0,"comment_status":"closed","ping_status":"closed","sticky":false,"template":"","format":"standard","meta":{"fifu_image_url":"","fifu_image_alt":"","footnotes":""},"categories":[78,54],"tags":[],"class_list":["post-116521","post","type-post","status-publish","format-standard","hentry","category-economie","category-maroc"],"_links":{"self":[{"href":"https:\/\/linitiative.ca\/International\/wp-json\/wp\/v2\/posts\/116521","targetHints":{"allow":["GET"]}}],"collection":[{"href":"https:\/\/linitiative.ca\/International\/wp-json\/wp\/v2\/posts"}],"about":[{"href":"https:\/\/linitiative.ca\/International\/wp-json\/wp\/v2\/types\/post"}],"author":[{"embeddable":true,"href":"https:\/\/linitiative.ca\/International\/wp-json\/wp\/v2\/users\/1787"}],"replies":[{"embeddable":true,"href":"https:\/\/linitiative.ca\/International\/wp-json\/wp\/v2\/comments?post=116521"}],"version-history":[{"count":0,"href":"https:\/\/linitiative.ca\/International\/wp-json\/wp\/v2\/posts\/116521\/revisions"}],"wp:attachment":[{"href":"https:\/\/linitiative.ca\/International\/wp-json\/wp\/v2\/media?parent=116521"}],"wp:term":[{"taxonomy":"category","embeddable":true,"href":"https:\/\/linitiative.ca\/International\/wp-json\/wp\/v2\/categories?post=116521"},{"taxonomy":"post_tag","embeddable":true,"href":"https:\/\/linitiative.ca\/International\/wp-json\/wp\/v2\/tags?post=116521"}],"curies":[{"name":"wp","href":"https:\/\/api.w.org\/{rel}","templated":true}]}}