{"id":116522,"date":"2021-05-10T11:57:28","date_gmt":"2021-05-10T15:57:28","guid":{"rendered":"https:\/\/linitiative.ca\/International\/la-fondation-mohammed-vi-insiste-sur-la-sauvegarde-et-le-developpement-de-larganier\/"},"modified":"2021-05-10T11:57:28","modified_gmt":"2021-05-10T15:57:28","slug":"la-fondation-mohammed-vi-insiste-sur-la-sauvegarde-et-le-developpement-de-larganier","status":"publish","type":"post","link":"https:\/\/linitiative.ca\/International\/la-fondation-mohammed-vi-insiste-sur-la-sauvegarde-et-le-developpement-de-larganier\/","title":{"rendered":"La Fondation Mohammed VI insiste sur la sauvegarde et le d\u00e9veloppement de l\u2019arganier"},"content":{"rendered":"<p><strong>La Fondation Mohammed VI pour la Recherche et la Sauvegarde de l\u2019Arganier (FMVI.RSA) a c\u00e9l\u00e9br\u00e9, ce lundi 10 mai 2021, la premi\u00e8re Journ\u00e9e Internationale de l\u2019Arganier en organisant un Event sous forme de webinaires, autour d\u2019une analyse multisectorielle de l\u2019\u00e9cosyst\u00e8me arganier.<\/strong><\/p>\n<div class=\"c10\">\n<\/div>\n<p>L\u2019arganier (Argania Spinosa), esp\u00e8ce end\u00e9mique du Maroc, joue un r\u00f4le majeur dans la pr\u00e9servation de la biodiversit\u00e9, la conservation de l\u2019\u00e9quilibre de la nature et dans la lutte contre les changements climatiques. Outre ses diff\u00e9rentes utilisations culinaires et ses vertus th\u00e9rapeutiques et cosm\u00e9tiques, l\u2019arganier peut se vanter de ses fonctions \u00e9cologiques qui consistent surtout au maintien du sol et \u00e0 la lutte contre l\u2019\u00e9rosion hydrique et \u00e9olienne. La proclamation en 2021 de la journ\u00e9e internationale de l\u2019arganier n\u2019est donc pas un fruit du hasard. Reconnu en tant que patrimoine culturel immat\u00e9riel de l\u2019humanit\u00e9 par l\u2019Organisation des Nations unies pour l\u2019\u00e9ducation, la science et la culture, en 2014, et en tant que syst\u00e8me du patrimoine agricole mondial par l\u2019Organisation des Nations unies pour l\u2019alimentation et l\u2019agriculture (FAO), en 2018, l\u2019arganier a amplement m\u00e9rit\u00e9 ses titres de noblesse. \u00ab\u00a0C\u2019est une journ\u00e9e historique pour les membres de la grande famille de l\u2019arganier. L\u2019universalit\u00e9 de l\u2019arganier a \u00e9t\u00e9 consacr\u00e9e avec cette journ\u00e9e mondiale. L\u2019arganier est ainsi un peu mieux reconnu. C\u2019est un grand jour. Je voudrais \u00e0 cet \u00e9gard remercier tous ceux qui ont rendu cette r\u00e9alisation possible, en particulier Omar Hilale, ambassadeur repr\u00e9sentant permanent du Maroc aupr\u00e8s de l\u2019ONU. Nous devons tous faire en sorte que cette \u00a0reconnaissance soit couronn\u00e9e par les efforts que nous allons mettre en \u0153uvre \u00e0 la fois pour sauvegarder l\u2019arganier, avancer dans les recherches et surtout \u00eatre conscients de nos obligations et responsabilit\u00e9s pour que cette civilisation de l\u2019arganier soit prot\u00e9g\u00e9e\u00a0\u00bb, a soulign\u00e9 Andr\u00e9 Azoulay, pr\u00e9sident de la Fondation Mohammed VI pour la Recherche et la Sauvegarde de l\u2019Arganier.<\/p>\n<p><strong>Lire aussi | <a href=\"https:\/\/www.challenge.ma\/lassociation-arts-et-cultures-se-mobilise-en-faveur-de-linclusion-sociale-et-du-developpement-humain-184121\/\" target=\"_blank\" rel=\"noreferrer noopener\">L\u2019association Arts et Cultures se mobilise en faveur de l\u2019inclusion sociale et du d\u00e9veloppement humain<\/a><\/strong><\/p>\n<p>La proclamation de cette journ\u00e9e internationale fait suite \u00e0 l\u2019adoption d\u2019une r\u00e9solution, pr\u00e9sent\u00e9e par le Maroc, \u00e0 l\u2019Assembl\u00e9e g\u00e9n\u00e9rale des Nations unies \u00e0 New York le 3 mars 2021. Une r\u00e9solution adopt\u00e9e par consensus de tous les \u00c9tats membres et par laquelle le Maroc a mobilis\u00e9 la communaut\u00e9 internationale autour de cette cause de la sauvegarde et du d\u00e9veloppement de l\u2019arganier. Cette r\u00e9solution onusienne reconna\u00eet la contribution colossale du secteur de l\u2019arganier dans la mise en \u0153uvre des 17 objectifs de l\u2019agenda 2030 et la r\u00e9alisation du d\u00e9veloppement durable dans ses trois dimensions : \u00e9conomique, sociale et environnementale. Elle met \u00e9galement en exergue le r\u00f4le de ce secteur dans l\u2019autonomisation et l\u2019\u00e9mancipation de la femme rurale, le renforcement de l\u2019\u00e9conomie solidaire, l\u2019\u00e9radication de la pauvret\u00e9 et le d\u00e9veloppement humain \u00e0 travers le soutien et la promotion du r\u00f4le des coop\u00e9ratives et autres formes d\u2019organisation agricoles actives dans ce secteur. \u00ab\u00a0L\u2019arganier est un arbre polyvalent qui s\u2019adapte au changement climatique. Le potentiel de la coop\u00e9ration sud-sud autour de l\u2019arganier est \u00e9norme. Il permettra au Maroc de partager son savoir-faire avec les autres pays du continent et constituera une occasion pour mettre les comp\u00e9tences marocaines au service de la prosp\u00e9rit\u00e9 de l\u2019Afrique. En c\u00e9l\u00e9brant cette journ\u00e9e, nous honorons aussi les femmes, les agriculteurs et les entrepreneurs\u00a0\u00bb, a not\u00e9 \u00a0Sylvia Lopez-Ekra, coordonnatrice r\u00e9sidente du Syst\u00e8me des Nations unies au Maroc. De son c\u00f4t\u00e9, le gouverneur de la province d\u2019Essaouira, Adil El Maliki, a mis l\u2019accent sur le potentiel de la subdivision territoriale. \u00ab\u00a0Aujourd\u2019hui, la province dispose de 140.000 hectares d\u2019arganier qui permettent une production d\u2019huile d\u2019argan qui d\u00e9passe les 2000 tonnes. Le chiffre d\u2019affaires (vente en vrac) est autour de 400 millions de DH. 100 coop\u00e9ratives sont sp\u00e9cialis\u00e9es dans l\u2019arganier et emploient 5000 femmes dans 20 communes. Ce potentiel n\u2019est pas exploit\u00e9 \u00e0 sa juste valeur. Pour y rem\u00e9dier, il y a des programmes de l\u2019ONU qui visent \u00e0 d\u00e9velopper la fili\u00e8re. Aussi, des unit\u00e9s de valorisation sont en cours de construction\u00a0\u00bb, pr\u00e9cise le gouverneur.<\/p>\n<p>Auteur: challenge<br \/>\n<a href=\"https:\/\/www.challenge.ma\/la-fondation-mohammed-vi-insiste-sur-la-sauvegarde-et-le-developpement-de-larganier-184130\/\">Cliquez ici pour lire l&rsquo;article depuis sa source.<\/a><\/p>\n","protected":false},"excerpt":{"rendered":"<p>La Fondation Mohammed VI pour la Recherche et la Sauvegarde de l\u2019Arganier (FMVI.RSA) a c\u00e9l\u00e9br\u00e9, ce lundi 10 mai 2021, la premi\u00e8re Journ\u00e9e Internationale de l\u2019Arganier en organisant un Event sous forme de webinaires, autour d\u2019une analyse multisectorielle de l\u2019\u00e9cosyst\u00e8me arganier. L\u2019arganier (Argania Spinosa), esp\u00e8ce end\u00e9mique du Maroc, joue un r\u00f4le majeur dans la pr\u00e9servation [&hellip;]<\/p>\n","protected":false},"author":1787,"featured_media":0,"comment_status":"closed","ping_status":"closed","sticky":false,"template":"","format":"standard","meta":{"fifu_image_url":"","fifu_image_alt":"","footnotes":""},"categories":[78,54],"tags":[],"class_list":["post-116522","post","type-post","status-publish","format-standard","hentry","category-economie","category-maroc"],"_links":{"self":[{"href":"https:\/\/linitiative.ca\/International\/wp-json\/wp\/v2\/posts\/116522","targetHints":{"allow":["GET"]}}],"collection":[{"href":"https:\/\/linitiative.ca\/International\/wp-json\/wp\/v2\/posts"}],"about":[{"href":"https:\/\/linitiative.ca\/International\/wp-json\/wp\/v2\/types\/post"}],"author":[{"embeddable":true,"href":"https:\/\/linitiative.ca\/International\/wp-json\/wp\/v2\/users\/1787"}],"replies":[{"embeddable":true,"href":"https:\/\/linitiative.ca\/International\/wp-json\/wp\/v2\/comments?post=116522"}],"version-history":[{"count":0,"href":"https:\/\/linitiative.ca\/International\/wp-json\/wp\/v2\/posts\/116522\/revisions"}],"wp:attachment":[{"href":"https:\/\/linitiative.ca\/International\/wp-json\/wp\/v2\/media?parent=116522"}],"wp:term":[{"taxonomy":"category","embeddable":true,"href":"https:\/\/linitiative.ca\/International\/wp-json\/wp\/v2\/categories?post=116522"},{"taxonomy":"post_tag","embeddable":true,"href":"https:\/\/linitiative.ca\/International\/wp-json\/wp\/v2\/tags?post=116522"}],"curies":[{"name":"wp","href":"https:\/\/api.w.org\/{rel}","templated":true}]}}