{"id":116524,"date":"2021-05-10T16:08:48","date_gmt":"2021-05-10T20:08:48","guid":{"rendered":"https:\/\/linitiative.ca\/International\/aid-al-fitr-restriction-des-deplacements-a-destination-et-en-provenance-de-la-ville-de-fes\/"},"modified":"2021-05-10T16:08:48","modified_gmt":"2021-05-10T20:08:48","slug":"aid-al-fitr-restriction-des-deplacements-a-destination-et-en-provenance-de-la-ville-de-fes","status":"publish","type":"post","link":"https:\/\/linitiative.ca\/International\/aid-al-fitr-restriction-des-deplacements-a-destination-et-en-provenance-de-la-ville-de-fes\/","title":{"rendered":"Aid Al Fitr :  restriction des d\u00e9placements \u00e0 destination et en provenance de la ville de F\u00e8s"},"content":{"rendered":"<p><strong>Dans le cadre des mesures de pr\u00e9caution pour lutter contre la pand\u00e9mie du Covid-19, les autorit\u00e9s comp\u00e9tentes ont d\u00e9cid\u00e9 de restreindre les d\u00e9placements \u00e0 destination et en provenance de la ville de F\u00e8s, \u00e0 quelques jours des vacances de l\u2019Aid Al Fitr.<\/strong><\/p>\n<div class=\"c10\">\n<\/div>\n<p>Selon le Poste de Commandement Pr\u00e9fectoral (PCP), qui a annonc\u00e9 la d\u00e9cision le 10 mai, il a \u00e9t\u00e9 d\u00e9cid\u00e9 du conditionnement des d\u00e9placements \u00e0 destination et en provenance de la ville de F\u00e8s, du 11 au 16 mai. \u00ab\u00a0Il a \u00e9t\u00e9 d\u00e9cid\u00e9 \u00e0 l\u2019occasion des vacances de l\u2019Aid Al Fitr et des vacances scolaires de soumettre les d\u00e9placements des citoyennes et citoyens de et vers F\u00e8s \u00e0 l\u2019obtention d\u2019une attestation d\u00e9rogatoire de d\u00e9placement d\u00e9livr\u00e9e par les autorit\u00e9s locales et de l\u2019attestation de vaccination t\u00e9l\u00e9chargeable via le site liqahcorona.ma, ou \u00e0 d\u00e9faut, d\u2019un pr\u00e9l\u00e8vement PCR n\u00e9gatif, et ce \u00e0 partir du 11 au 16 mai courant\u00a0\u00bb, indique le PCP.<\/p>\n<p><strong>Lire aussi| <a href=\"https:\/\/www.challenge.ma\/le-groupe-nestle-revisite-le-perimetre-de-ses-activites-au-maroc-183358\/\">Le groupe Nestl\u00e9 revisite le p\u00e9rim\u00e8tre de ses activit\u00e9s au Maroc<\/a><\/strong><\/p>\n<p>On apprend que cette d\u00e9cision intervient suite aux recommandations issues de la r\u00e9union, lundi, des membres du PCP, tenue au si\u00e8ge de la Wilaya de la R\u00e9gion F\u00e8s-Mekn\u00e8s. \u00a0\u00ab\u00a0Elle intervient aussi dans le cadre de respect des mesures de pr\u00e9caution et de pr\u00e9vention contre la pand\u00e9mie du Covid19, et au regard du prolongement par le gouvernement marocain de l\u2019\u00e9tat d\u2019urgence sanitaire sur le territoire national jusqu\u2019au 10 juin 2021\u00a0\u00bb, ajoute le Poste de Commandement Pr\u00e9fectoral. Les autorit\u00e9s exhortent notamment les citoyennes et citoyens \u00e0 continuer d\u2019observer les r\u00e8gles de pr\u00e9caution et \u00e0 s\u2019engager avec responsabilit\u00e9 dans le respect des mesures pr\u00e9ventives.<\/p>\n<p><strong>Lire aussi| <a href=\"https:\/\/www.challenge.ma\/attijariwafa-bank-candidate-au-rachat-de-union-bank-of-nigeria-184008\/\">Attijariwafa bank candidate au rachat de Union Bank of Nigeria<\/a><\/strong><\/p>\n<p>Auteur: challenge<br \/>\n<a href=\"https:\/\/www.challenge.ma\/aid-al-fitr-restriction-des-deplacements-a-destination-et-en-provenance-de-la-ville-de-fes-184170\/\">Cliquez ici pour lire l&rsquo;article depuis sa source.<\/a><\/p>\n","protected":false},"excerpt":{"rendered":"<p>Dans le cadre des mesures de pr\u00e9caution pour lutter contre la pand\u00e9mie du Covid-19, les autorit\u00e9s comp\u00e9tentes ont d\u00e9cid\u00e9 de restreindre les d\u00e9placements \u00e0 destination et en provenance de la ville de F\u00e8s, \u00e0 quelques jours des vacances de l\u2019Aid Al Fitr. Selon le Poste de Commandement Pr\u00e9fectoral (PCP), qui a annonc\u00e9 la d\u00e9cision le [&hellip;]<\/p>\n","protected":false},"author":1787,"featured_media":0,"comment_status":"closed","ping_status":"closed","sticky":false,"template":"","format":"standard","meta":{"fifu_image_url":"","fifu_image_alt":"","footnotes":""},"categories":[78,54],"tags":[],"class_list":["post-116524","post","type-post","status-publish","format-standard","hentry","category-economie","category-maroc"],"_links":{"self":[{"href":"https:\/\/linitiative.ca\/International\/wp-json\/wp\/v2\/posts\/116524","targetHints":{"allow":["GET"]}}],"collection":[{"href":"https:\/\/linitiative.ca\/International\/wp-json\/wp\/v2\/posts"}],"about":[{"href":"https:\/\/linitiative.ca\/International\/wp-json\/wp\/v2\/types\/post"}],"author":[{"embeddable":true,"href":"https:\/\/linitiative.ca\/International\/wp-json\/wp\/v2\/users\/1787"}],"replies":[{"embeddable":true,"href":"https:\/\/linitiative.ca\/International\/wp-json\/wp\/v2\/comments?post=116524"}],"version-history":[{"count":0,"href":"https:\/\/linitiative.ca\/International\/wp-json\/wp\/v2\/posts\/116524\/revisions"}],"wp:attachment":[{"href":"https:\/\/linitiative.ca\/International\/wp-json\/wp\/v2\/media?parent=116524"}],"wp:term":[{"taxonomy":"category","embeddable":true,"href":"https:\/\/linitiative.ca\/International\/wp-json\/wp\/v2\/categories?post=116524"},{"taxonomy":"post_tag","embeddable":true,"href":"https:\/\/linitiative.ca\/International\/wp-json\/wp\/v2\/tags?post=116524"}],"curies":[{"name":"wp","href":"https:\/\/api.w.org\/{rel}","templated":true}]}}