{"id":116526,"date":"2021-05-10T16:54:12","date_gmt":"2021-05-10T20:54:12","guid":{"rendered":"https:\/\/linitiative.ca\/International\/rapport-seulement-469-des-contamines-au-covid-au-mois-davril-ont-ete-hospitalises\/"},"modified":"2021-05-10T16:54:12","modified_gmt":"2021-05-10T20:54:12","slug":"rapport-seulement-469-des-contamines-au-covid-au-mois-davril-ont-ete-hospitalises","status":"publish","type":"post","link":"https:\/\/linitiative.ca\/International\/rapport-seulement-469-des-contamines-au-covid-au-mois-davril-ont-ete-hospitalises\/","title":{"rendered":"Rapport : Seulement 4,69% des contamin\u00e9s au Covid au mois d\u2019avril, ont \u00e9t\u00e9 hospitalis\u00e9s"},"content":{"rendered":"<div class=\"post-cont-in left relative\">\n<div id=\"post-info-wrap\" class=\"left relative post-info-out\">\n<div class=\"post-info-img left relative\"><img decoding=\"async\" alt=\"\" src=\"https:\/\/secure.gravatar.com\/avatar\/b658f27b24160a89d557421a966e5ca1?s=50&amp;d=mm&amp;r=g\" srcset=\"https:\/\/secure.gravatar.com\/avatar\/b658f27b24160a89d557421a966e5ca1?s=100&amp;d=mm&amp;r=g 2x\" class=\"avatar avatar-50 photo\" height=\"50\" width=\"50\" loading=\"lazy\"\/><\/div>\n<div class=\"post-info-in\">\n<div class=\"post-info-right left relative post-info-name left relative\"><span><span class=\"post-info-text\">Par<\/span> <span class=\"author-name vcard fn author\"><a href=\"https:\/\/www.tunisienumerique.com\/author\/htb\/\" title=\"Articles par Mohamed Ben Abderrazek\" rel=\"author\">Mohamed Ben Abderrazek<\/a><\/span><\/span> <span class=\"post-date updated\"><time class=\"post-date updated\" datetime=\"2021-05-10\">\u00a0| Il y a 3 minutes<\/time><\/span><br \/>\n<meta itemprop=\"dateModified\" content=\"2021-05-10\"\/><\/div>\n<div class=\"left relative\"><button id=\"listenButton1\" class=\"responsivevoice-button\" type=\"button\" value=\"Play\" title=\"\u00c9coutez l'article\"><span>\ud83d\udd0a \u00c9coutez l&rsquo;article<\/span><\/button>\n<\/div>\n<\/div>\n<\/div>\n<p>L\u2019Observatoire Social Tunisien (OST) relevant du Forum Tunisien des Droits Economiques et Sociaux vient de publier aujourd\u2019hui lundi 10 mai 2021 son rapport au titre du mois d\u2019avril 2021 relatif aux mouvements sociaux, suicides, violences et migrations.<\/p>\n<div class=\"code-block code-block-1 c4\">\n <ins class=\"adsbygoogle c3\" data-ad-layout=\"in-article\" data-ad-format=\"fluid\" data-ad-client=\"ca-pub-2102118777505746\" data-ad-slot=\"7301775417\"\/>\n<\/div>\n<p>D\u2019apr\u00e8s le rapport, le mois \u00e9coul\u00e9 a \u00e9t\u00e9 t\u00e9moin de l\u2019enregistrement de 55751 nouveaux contamin\u00e9s dont 4,69% ont \u00e9t\u00e9 pris en charge dans les \u00e9tablissements hospitaliers, tandis que le reste des infect\u00e9s a \u00e9t\u00e9 abandonn\u00e9 \u00e0 leur sort face aux sp\u00e9culateurs en oxyg\u00e8ne, selon l\u2019OST.<\/p>\n<p>L\u2019observatoire a indiqu\u00e9 que bien que le taux de prise en charge semble faible, le pourcentage de r\u00e9sidents des h\u00f4pitaux et cliniques priv\u00e9es a augment\u00e9 de 116%, ce qui signifie que ces \u00e9tablissements ont fonctionn\u00e9 au-del\u00e0 de leurs capacit\u00e9s tout au long de ce mois.<\/p>\n<p>Ceci s\u2019est d\u00e9roul\u00e9 sans que les autorit\u00e9s sanitaires r\u00e9ussissent \u00e0 mettre en place des mesures pr\u00e9ventives auxquelles les gens se conformeraient et soulager, dans une certaine mesure, la pression sur les institutions de sant\u00e9 et le cadre m\u00e9dical et param\u00e9dical et \u00e9viter, ainsi, l\u2019exemple du quasi-\u00e9puisement des stocks d\u2019oxyg\u00e8ne \u00e0 l\u2019h\u00f4pital Habib Bourguiba de Sfax, mena\u00e7ant la vie de dizaines de r\u00e9sidents patients Covid-19.<\/p>\n<p>En outre, le rapport souligne que le mois d\u2019Avril 2021 a \u00e9galement enregistr\u00e9 une augmentation du nombre de cas n\u00e9cessitant des soins intensifs d\u2019environ 59%, et une augmentation du pourcentage de ceux qui ont n\u00e9cessit\u00e9 la respiration artificielle de 50%, tandis que le nombre de nouveaux d\u00e9c\u00e8s dus au Coronavirus a atteint 2020 victimes.<\/p>\n<p>Tous ces indicateurs confirment, au vu de l\u2019analyse de l\u2019OST, que sans aucun doute les tunisiens sont confront\u00e9s \u00e0 une troisi\u00e8me vague sans boussole et sans plan pr\u00e9alable et malgr\u00e9 les discours des sp\u00e9cialistes sur l\u2019hypoth\u00e8se de pr\u00e9visibilit\u00e9 d\u2019une nouvelle propagation du virus, le comit\u00e9 de gestion de crise a continu\u00e9 \u00e0 improviser, que ce soit au niveau du plan pr\u00e9ventif ou au niveau de la gestion des vaccins, explique l\u2019ONG.<\/p>\n<p>Sous ce m\u00eame angle, il a \u00e9t\u00e9 indiqu\u00e9 que le Ministre de la Sant\u00e9 a pr\u00e9c\u00e9demment annonc\u00e9 que l\u2019objectif est de vacciner 3 millions de Tunisiens d\u2019ici le mois de Juin 2021 mais un mois et demi se sont \u00e9coul\u00e9s depuis le d\u00e9but de la campagne de vaccination et le nombre de personnes ayant re\u00e7u la premi\u00e8re dose \u00e0 la fin Avril n\u2019a atteint que 386000 et le nombre de ceux qui ont re\u00e7u la deuxi\u00e8me dose n\u2019a atteint que 90000.<\/p>\n<p>Les Tunisiens ont affront\u00e9 trois crises fondamentales face \u00e0 l\u2019\u00e9pid\u00e9mie : la crise de la gestion des analyses, leur co\u00fbt \u00e9lev\u00e9 et l\u2019obtention de leurs r\u00e9sultats dans des d\u00e9lais raisonnables, la crise de la prise en charge des personnes pr\u00e9sentant des sympt\u00f4mes s\u00e9v\u00e8res dans les \u00e9tablissements de sant\u00e9 et la crise de la vaccination.<\/p>\n<p>A ces trois crises s\u2019ajoute la crise de communication des responsables du Minist\u00e8re de la Sant\u00e9 qui n\u2019ont pas \u00e9t\u00e9 capables de traduire le danger au peuple et de faciliter la mise en \u0153uvre des mesures pr\u00e9ventives annonc\u00e9es par le gouvernement. Cette situation s\u2019est traduite par une nette divergence et l\u2019absence d\u2019interaction avec les d\u00e9cisions gouvernementales ce qui a exacerb\u00e9 une crise de confiance entre le citoyen et les pouvoirs publics.<\/p>\n<div class=\"swp_social_panel swp_horizontal_panel swp_flat_fresh swp_default_full_color swp_individual_full_color swp_other_full_color scale-100 scale-\" data-min-width=\"1100\" data-float-color=\"#ffffff\" data-float=\"bottom\" data-float-mobile=\"bottom\" data-transition=\"slide\">\n<div class=\"nc_tweetContainer swp_share_button total_shares total_sharesalt\"><span class=\"swp_count\">0 <span class=\"swp_label\">Partages<\/span><\/span><\/div>\n<\/div>\n<p><strong>Que se passe-t-il en Tunisie?<\/strong><br \/>Nous expliquons sur notre <a href=\"https:\/\/www.youtube.com\/channel\/UCRzypVq0B_yBad5eGrwBx0Q?sub_confirmation=1\" target=\"_blank\" rel=\"noopener\">cha\u00eene YouTube<\/a> . <a href=\"https:\/\/www.youtube.com\/channel\/UCRzypVq0B_yBad5eGrwBx0Q?sub_confirmation=1\" target=\"_blank\" rel=\"noopener\">Abonnez-vous!<\/a><\/p>\n<div class=\"mvp-org-wrap\" itemprop=\"publisher\">\n<div class=\"mvp-org-logo\" itemprop=\"logo\"><img decoding=\"async\" src=\"https:\/\/www.tunisienumerique.com\/wp-content\/uploads\/2017\/02\/logo_tunisie_numerique.png\"\/><br \/>\n<meta itemprop=\"url\" content=\"https:\/\/www.tunisienumerique.com\/wp-content\/uploads\/2017\/02\/logo_tunisie_numerique.png\"\/><\/div>\n<p><meta content=\"Tunisie\"\/><\/div>\n<div class=\"post-tags\"><span class=\"post-tags-header\">Sujets Connexes:<\/span><\/div>\n<div id=\"article-ad\">\n <ins class=\"adsbygoogle c5\" data-ad-client=\"ca-pub-2102118777505746\" data-ad-slot=\"6513972734\" data-ad-format=\"auto\" data-full-width-responsive=\"true\"\/>\n<\/div>\n<\/div>\n<div id=\"post-sidebar-wrap\">\n <ins class=\"adsbygoogle c5\" data-ad-client=\"ca-pub-2102118777505746\" data-ad-slot=\"6168283410\" data-ad-format=\"auto\" data-full-width-responsive=\"true\"\/>\n<\/div>\n<p>Auteur: Mohamed Ben Abderrazek<br \/>\n<a href=\"https:\/\/www.tunisienumerique.com\/rapport-seulement-469-des-contamines-au-covid-au-mois-davril-ont-ete-hospitalises\/\">Cliquez ici pour lire l&rsquo;article depuis sa source.<\/a><\/p>\n","protected":false},"excerpt":{"rendered":"<p>Par Mohamed Ben Abderrazek \u00a0| Il y a 3 minutes \ud83d\udd0a \u00c9coutez l&rsquo;article L\u2019Observatoire Social Tunisien (OST) relevant du Forum Tunisien des Droits Economiques et Sociaux vient de publier aujourd\u2019hui lundi 10 mai 2021 son rapport au titre du mois d\u2019avril 2021 relatif aux mouvements sociaux, suicides, violences et migrations. D\u2019apr\u00e8s le rapport, le mois [&hellip;]<\/p>\n","protected":false},"author":1789,"featured_media":0,"comment_status":"closed","ping_status":"closed","sticky":false,"template":"","format":"standard","meta":{"fifu_image_url":"https:\/\/secure.gravatar.com\/avatar\/b658f27b24160a89d557421a966e5ca1?s=50&d=mm&r=g","fifu_image_alt":"Rapport : Seulement 4,69% des contamin\u00e9s au Covid au mois d\u2019avril, ont \u00e9t\u00e9 hospitalis\u00e9s","footnotes":""},"categories":[73,55],"tags":[],"class_list":["post-116526","post","type-post","status-publish","format-standard","hentry","category-actualite","category-tunisie"],"_links":{"self":[{"href":"https:\/\/linitiative.ca\/International\/wp-json\/wp\/v2\/posts\/116526","targetHints":{"allow":["GET"]}}],"collection":[{"href":"https:\/\/linitiative.ca\/International\/wp-json\/wp\/v2\/posts"}],"about":[{"href":"https:\/\/linitiative.ca\/International\/wp-json\/wp\/v2\/types\/post"}],"author":[{"embeddable":true,"href":"https:\/\/linitiative.ca\/International\/wp-json\/wp\/v2\/users\/1789"}],"replies":[{"embeddable":true,"href":"https:\/\/linitiative.ca\/International\/wp-json\/wp\/v2\/comments?post=116526"}],"version-history":[{"count":0,"href":"https:\/\/linitiative.ca\/International\/wp-json\/wp\/v2\/posts\/116526\/revisions"}],"wp:attachment":[{"href":"https:\/\/linitiative.ca\/International\/wp-json\/wp\/v2\/media?parent=116526"}],"wp:term":[{"taxonomy":"category","embeddable":true,"href":"https:\/\/linitiative.ca\/International\/wp-json\/wp\/v2\/categories?post=116526"},{"taxonomy":"post_tag","embeddable":true,"href":"https:\/\/linitiative.ca\/International\/wp-json\/wp\/v2\/tags?post=116526"}],"curies":[{"name":"wp","href":"https:\/\/api.w.org\/{rel}","templated":true}]}}