{"id":116529,"date":"2021-05-10T17:23:07","date_gmt":"2021-05-10T21:23:07","guid":{"rendered":"https:\/\/linitiative.ca\/International\/tunisie-beja-les-proprietaires-des-cafes-ouvrent-apres-la-rupture-du-jeune\/"},"modified":"2021-05-10T17:23:07","modified_gmt":"2021-05-10T21:23:07","slug":"tunisie-beja-les-proprietaires-des-cafes-ouvrent-apres-la-rupture-du-jeune","status":"publish","type":"post","link":"https:\/\/linitiative.ca\/International\/tunisie-beja-les-proprietaires-des-cafes-ouvrent-apres-la-rupture-du-jeune\/","title":{"rendered":"Tunisie \u2013 B\u00e9ja\u00a0: Les propri\u00e9taires des caf\u00e9s ouvrent apr\u00e8s la rupture du je\u00fbne"},"content":{"rendered":"<div class=\"post-cont-in left relative\">\n<div id=\"post-info-wrap\" class=\"left relative post-info-out\">\n<div class=\"post-info-img left relative\"><img decoding=\"async\" alt=\"\" src=\"https:\/\/secure.gravatar.com\/avatar\/047123be9d5e8513774383916ee72db2?s=50&amp;d=mm&amp;r=g\" srcset=\"https:\/\/secure.gravatar.com\/avatar\/047123be9d5e8513774383916ee72db2?s=100&amp;d=mm&amp;r=g 2x\" class=\"avatar avatar-50 photo\" height=\"50\" width=\"50\" loading=\"lazy\"\/><\/div>\n<div class=\"post-info-in\">\n<div class=\"post-info-right left relative post-info-name left relative\"><span><span class=\"post-info-text\">Par<\/span> <span class=\"author-name vcard fn author\"><a href=\"https:\/\/www.tunisienumerique.com\/author\/lm\/\" title=\"Articles par LM\" rel=\"author\">LM<\/a><\/span><\/span> <span class=\"post-date updated\"><time class=\"post-date updated\" datetime=\"2021-05-10\">\u00a0| Il y a 34 secondes<\/time><\/span><br \/>\n<meta itemprop=\"dateModified\" content=\"2021-05-10\"\/><\/div>\n<div class=\"left relative\"><button id=\"listenButton1\" class=\"responsivevoice-button\" type=\"button\" value=\"Play\" title=\"\u00c9coutez l'article\"><span>\ud83d\udd0a \u00c9coutez l&rsquo;article<\/span><\/button>\n<\/div>\n<\/div>\n<\/div>\n<p>La propri\u00e9taires de caf\u00e9s \u00e0 B\u00e9ja ont d\u00e9cid\u00e9 d\u2019un commun accord, d\u2019ouvrir leurs commerces la nuit, apr\u00e8s la rupture du je\u00fbne, dans un d\u00e9fi des mesures restrictives de confinement g\u00e9n\u00e9ral, prises par le gouvernement dans le cadre de la lutte contre le covid.<\/p>\n<div class=\"code-block code-block-1 c4\">\n <ins class=\"adsbygoogle c3\" data-ad-layout=\"in-article\" data-ad-format=\"fluid\" data-ad-client=\"ca-pub-2102118777505746\" data-ad-slot=\"7301775417\"\/>\n<\/div>\n<p><a href=\"https:\/\/www.tunisienumerique.com\/tunisie-beja-les-proprietaires-des-cafes-ouvrent-apres-la-rupture-du-jeune\/beja1-11\/\" rel=\"attachment wp-att-662062\"><img decoding=\"async\" loading=\"lazy\" class=\"aligncenter size-full wp-image-662062\" src=\"https:\/\/www.tunisienumerique.com\/wp-content\/uploads\/2021\/05\/beja1-1.jpg\" alt=\"\" width=\"640\" height=\"480\" srcset=\"https:\/\/www.tunisienumerique.com\/wp-content\/uploads\/2021\/05\/beja1-1.jpg 640w, https:\/\/www.tunisienumerique.com\/wp-content\/uploads\/2021\/05\/beja1-1-600x450.jpg 600w\" sizes=\"auto, (max-width: 640px) 100vw, 640px\"\/><\/a><\/p>\n<p><a href=\"https:\/\/www.tunisienumerique.com\/tunisie-beja-les-proprietaires-des-cafes-ouvrent-apres-la-rupture-du-jeune\/beja2-8\/\" rel=\"attachment wp-att-662063\"><img decoding=\"async\" loading=\"lazy\" class=\"aligncenter size-full wp-image-662063\" src=\"https:\/\/www.tunisienumerique.com\/wp-content\/uploads\/2021\/05\/beja2-1.jpg\" alt=\"\" width=\"640\" height=\"480\" srcset=\"https:\/\/www.tunisienumerique.com\/wp-content\/uploads\/2021\/05\/beja2-1.jpg 640w, https:\/\/www.tunisienumerique.com\/wp-content\/uploads\/2021\/05\/beja2-1-600x450.jpg 600w\" sizes=\"auto, (max-width: 640px) 100vw, 640px\"\/><\/a><\/p>\n<p><a href=\"https:\/\/www.tunisienumerique.com\/tunisie-beja-les-proprietaires-des-cafes-ouvrent-apres-la-rupture-du-jeune\/beja3-5\/\" rel=\"attachment wp-att-662064\"><img decoding=\"async\" loading=\"lazy\" class=\"aligncenter size-full wp-image-662064\" src=\"https:\/\/www.tunisienumerique.com\/wp-content\/uploads\/2021\/05\/beja3-1.jpg\" alt=\"\" width=\"640\" height=\"480\" srcset=\"https:\/\/www.tunisienumerique.com\/wp-content\/uploads\/2021\/05\/beja3-1.jpg 640w, https:\/\/www.tunisienumerique.com\/wp-content\/uploads\/2021\/05\/beja3-1-600x450.jpg 600w\" sizes=\"auto, (max-width: 640px) 100vw, 640px\"\/><\/a><\/p>\n<p><a href=\"https:\/\/www.tunisienumerique.com\/tunisie-beja-les-proprietaires-des-cafes-ouvrent-apres-la-rupture-du-jeune\/beja4-2\/\" rel=\"attachment wp-att-662065\"><img decoding=\"async\" loading=\"lazy\" class=\"aligncenter size-full wp-image-662065\" src=\"https:\/\/www.tunisienumerique.com\/wp-content\/uploads\/2021\/05\/beja4.jpg\" alt=\"\" width=\"640\" height=\"480\" srcset=\"https:\/\/www.tunisienumerique.com\/wp-content\/uploads\/2021\/05\/beja4.jpg 640w, https:\/\/www.tunisienumerique.com\/wp-content\/uploads\/2021\/05\/beja4-600x450.jpg 600w\" sizes=\"auto, (max-width: 640px) 100vw, 640px\"\/><\/a><\/p>\n<div class=\"swp_social_panel swp_horizontal_panel swp_flat_fresh swp_default_full_color swp_individual_full_color swp_other_full_color scale-100 scale-\" data-min-width=\"1100\" data-float-color=\"#ffffff\" data-float=\"bottom\" data-float-mobile=\"bottom\" data-transition=\"slide\">\n<div class=\"nc_tweetContainer swp_share_button total_shares total_sharesalt\"><span class=\"swp_count\">0 <span class=\"swp_label\">Partages<\/span><\/span><\/div>\n<\/div>\n<p><strong>Que se passe-t-il en Tunisie?<\/strong><br \/>Nous expliquons sur notre <a href=\"https:\/\/www.youtube.com\/channel\/UCRzypVq0B_yBad5eGrwBx0Q?sub_confirmation=1\" target=\"_blank\" rel=\"noopener\">cha\u00eene YouTube<\/a> . <a href=\"https:\/\/www.youtube.com\/channel\/UCRzypVq0B_yBad5eGrwBx0Q?sub_confirmation=1\" target=\"_blank\" rel=\"noopener\">Abonnez-vous!<\/a><\/p>\n<div class=\"mvp-org-wrap\" itemprop=\"publisher\">\n<div class=\"mvp-org-logo\" itemprop=\"logo\"><img decoding=\"async\" src=\"https:\/\/www.tunisienumerique.com\/wp-content\/uploads\/2017\/02\/logo_tunisie_numerique.png\"\/><br \/>\n<meta itemprop=\"url\" content=\"https:\/\/www.tunisienumerique.com\/wp-content\/uploads\/2017\/02\/logo_tunisie_numerique.png\"\/><\/div>\n<p><meta content=\"Tunisie\"\/><\/div>\n<div class=\"mvp-related-posts left relative\">\n<h4 class=\"post-header\"><span class=\"post-header\">Lire aussi<\/span><\/h4>\n<\/div>\n<div id=\"article-ad\">\n <ins class=\"adsbygoogle c5\" data-ad-client=\"ca-pub-2102118777505746\" data-ad-slot=\"6513972734\" data-ad-format=\"auto\" data-full-width-responsive=\"true\"\/>\n<\/div>\n<\/div>\n<div id=\"post-sidebar-wrap\">\n <ins class=\"adsbygoogle c5\" data-ad-client=\"ca-pub-2102118777505746\" data-ad-slot=\"6168283410\" data-ad-format=\"auto\" data-full-width-responsive=\"true\"\/>\n<\/div>\n<p>Auteur: LM<br \/>\n<a href=\"https:\/\/www.tunisienumerique.com\/tunisie-beja-les-proprietaires-des-cafes-ouvrent-apres-la-rupture-du-jeune\/\">Cliquez ici pour lire l&rsquo;article depuis sa source.<\/a><\/p>\n","protected":false},"excerpt":{"rendered":"<p>Par LM \u00a0| Il y a 34 secondes \ud83d\udd0a \u00c9coutez l&rsquo;article La propri\u00e9taires de caf\u00e9s \u00e0 B\u00e9ja ont d\u00e9cid\u00e9 d\u2019un commun accord, d\u2019ouvrir leurs commerces la nuit, apr\u00e8s la rupture du je\u00fbne, dans un d\u00e9fi des mesures restrictives de confinement g\u00e9n\u00e9ral, prises par le gouvernement dans le cadre de la lutte contre le covid. 0 [&hellip;]<\/p>\n","protected":false},"author":1789,"featured_media":0,"comment_status":"closed","ping_status":"closed","sticky":false,"template":"","format":"standard","meta":{"fifu_image_url":"https:\/\/secure.gravatar.com\/avatar\/047123be9d5e8513774383916ee72db2?s=50&d=mm&r=g","fifu_image_alt":"Tunisie \u2013 B\u00e9ja\u00a0: Les propri\u00e9taires des caf\u00e9s ouvrent apr\u00e8s la rupture du je\u00fbne","footnotes":""},"categories":[73,55],"tags":[],"class_list":["post-116529","post","type-post","status-publish","format-standard","hentry","category-actualite","category-tunisie"],"_links":{"self":[{"href":"https:\/\/linitiative.ca\/International\/wp-json\/wp\/v2\/posts\/116529","targetHints":{"allow":["GET"]}}],"collection":[{"href":"https:\/\/linitiative.ca\/International\/wp-json\/wp\/v2\/posts"}],"about":[{"href":"https:\/\/linitiative.ca\/International\/wp-json\/wp\/v2\/types\/post"}],"author":[{"embeddable":true,"href":"https:\/\/linitiative.ca\/International\/wp-json\/wp\/v2\/users\/1789"}],"replies":[{"embeddable":true,"href":"https:\/\/linitiative.ca\/International\/wp-json\/wp\/v2\/comments?post=116529"}],"version-history":[{"count":0,"href":"https:\/\/linitiative.ca\/International\/wp-json\/wp\/v2\/posts\/116529\/revisions"}],"wp:attachment":[{"href":"https:\/\/linitiative.ca\/International\/wp-json\/wp\/v2\/media?parent=116529"}],"wp:term":[{"taxonomy":"category","embeddable":true,"href":"https:\/\/linitiative.ca\/International\/wp-json\/wp\/v2\/categories?post=116529"},{"taxonomy":"post_tag","embeddable":true,"href":"https:\/\/linitiative.ca\/International\/wp-json\/wp\/v2\/tags?post=116529"}],"curies":[{"name":"wp","href":"https:\/\/api.w.org\/{rel}","templated":true}]}}