{"id":116530,"date":"2021-05-10T16:52:48","date_gmt":"2021-05-10T20:52:48","guid":{"rendered":"https:\/\/linitiative.ca\/International\/journee-de-leurope-lue-fait-revivre-lavenue-kwame-nkrumah\/"},"modified":"2021-05-10T16:52:48","modified_gmt":"2021-05-10T20:52:48","slug":"journee-de-leurope-lue-fait-revivre-lavenue-kwame-nkrumah","status":"publish","type":"post","link":"https:\/\/linitiative.ca\/International\/journee-de-leurope-lue-fait-revivre-lavenue-kwame-nkrumah\/","title":{"rendered":"Journ\u00e9e de l\u2019Europe : l\u2019UE fait revivre l\u2019avenue Kwame Nkrumah"},"content":{"rendered":"<div class=\"td-post-featured-image\"><a href=\"https:\/\/www.sidwaya.info\/wp-content\/uploads\/2021\/05\/1-10.jpg\" data-caption=\"\"><img loading=\"lazy\" decoding=\"async\" width=\"595\" height=\"446\" class=\"entry-thumb td-modal-image\" src=\"https:\/\/www.sidwaya.info\/wp-content\/uploads\/2021\/05\/1-10.jpg\" srcset=\"https:\/\/www.sidwaya.info\/wp-content\/uploads\/2021\/05\/1-10.jpg 595w, https:\/\/www.sidwaya.info\/wp-content\/uploads\/2021\/05\/1-10-300x225.jpg 300w, https:\/\/www.sidwaya.info\/wp-content\/uploads\/2021\/05\/1-10-150x112.jpg 150w, https:\/\/www.sidwaya.info\/wp-content\/uploads\/2021\/05\/1-10-560x420.jpg 560w, https:\/\/www.sidwaya.info\/wp-content\/uploads\/2021\/05\/1-10-80x60.jpg 80w, https:\/\/www.sidwaya.info\/wp-content\/uploads\/2021\/05\/1-10-265x198.jpg 265w\" sizes=\"auto, (max-width: 595px) 100vw, 595px\" alt=\"\" title=\"1\"\/><\/a><\/div>\n<p><strong>La d\u00e9l\u00e9gation de l\u2019Union europ\u00e9enne au Burkina Faso a comm\u00e9mor\u00e9 le dimanche 9 mai 2021 \u00e0 Ouagadougou, la journ\u00e9e de l\u2019Europe. C\u2019est \u00e0 travers une comp\u00e9tition sportive d\u00e9nomm\u00e9e, le kilom\u00e8tre de l\u2019Europe que cette journ\u00e9e a \u00e9t\u00e9 c\u00e9l\u00e9br\u00e9e au Burkina Faso.<\/strong><\/p>\n<p>\u00ab C\u2019est aujourd\u2019hui 9 mai que nous comm\u00e9morons la f\u00eate \u2019\u2019nationale\u2019\u2019 de l\u2019Europe. C\u2019est la premi\u00e8re fois que nous organisons une comp\u00e9tition sportive pour les jeunes scolaires, cela pour encourager la pratique sportive mais aussi pour faire revivre l\u2019avenue Kwame Nkrumah qui \u00e9tait la plus belle avenue de Ouagadougou et montrer que le Burkina Faso reste debout malgr\u00e9 les crises et que l\u2019Union europ\u00e9enne reste \u00e0 ses c\u00f4t\u00e9s \u00bb ; C\u2019est en ces termes que l\u2019ambassadeur, chef de la d\u00e9l\u00e9gation de l\u2019Union europ\u00e9enne au Burkina Faso, Wolfram Vetter a justifi\u00e9 l\u2019organisation du kilom\u00e8tre de l\u2019Europe au Burkina ce dimanche 9 mai 2021 \u00e0 Ouagadougou. Cette comp\u00e9tition, la premi\u00e8re du genre, a mis aux prises plusieurs \u00e9tablissements scolaires dans deux cat\u00e9gories, \u00e0 savoir les cat\u00e9gorie filles et gar\u00e7ons. Ainsi, pour pr\u00e9tendre au titre, il fallait franchir quatre obstacles que sont : le saut dans le sac, le slalom, le cerceau et la rampe.<\/p>\n<p>A cet exercice, dans la cat\u00e9gorie filles, c\u2019est Emilienne Kologo du club Pouiwindin qui s\u2019est montr\u00e9 la plus rapide en franchissant la ligne d\u2019arriv\u00e9e en 4mn19s. Elle est suivie de Nouriatou Zongo et Fatoumata Ou\u00e9draogo. Pour sa premi\u00e8re place, Emilienne Kologo est repartie, en plus de la m\u00e9daille en or, avec une tablette et un v\u00e9lo. En cat\u00e9gorie gar\u00e7ons, c\u2019est Ch\u00e9rif Sorgho qui est mont\u00e9 sur la plus haute marche du podium. Il est suivi de Kader Sor\u00e9 et de Patrick Ekanzan Appia. Le vainqueur de cette cat\u00e9gorie est aussi reparti avec une m\u00e9daille en or, une tablette et un v\u00e9lo. Les cinq premiers de chaque cat\u00e9gorie ont re\u00e7u des prix en fonction de leur rang. Pour l\u2019ambassadeur Wolfram Vetter, c\u2019est un sentiment de satisfaction qui se d\u00e9gage au regard de la mobilisation des scolaires, de l\u2019Etat et du soutien du champion du monde de \u201clog lift\u201d Iron Biby qui est un exemple pour la jeunesse.<br \/>\u00ab C\u2019est une premi\u00e8re et nous comptons organiser un tel \u00e9v\u00e9nement chaque ann\u00e9e \u00bb, a affirm\u00e9 Wolfram Vetter.<\/p>\n<p><strong>Pr\u00e9parer la rel\u00e8ve<\/strong><\/p>\n<p>Repr\u00e9sentant le ministre des Sports et de Loisirs, le directeur de cabinet, Mamadou Diallo, a avou\u00e9 que cette activit\u00e9 entre en droite ligne de la politique actuelle du d\u00e9partement.<br \/>\u00ab L\u2019un des projet phare du Minist\u00e8re des Sports, c\u2019est la rel\u00e8ve sportive. Et elle s\u2019int\u00e9resse surtout aux jeunes pour les stimuler afin de remplacer les g\u00e9n\u00e9rations d\u00e9j\u00e0 m\u00fbres \u00bb, a-t-il soulign\u00e9. Et d\u2019ajouter que cette activit\u00e9 fait \u00e9galement un clin d\u2019\u0153il \u00e0 l\u2019athl\u00e9tisme qui est ces derni\u00e8res ann\u00e9es, une source de fiert\u00e9 pour le pays. \u00ab L\u2019athl\u00e9tisme nous a fourni des motifs de satisfaction cette ann\u00e9e avec Hugues Zango, Marthe Koala et nous avons les jeux Olympiques en vue. C\u2019est avec satisfaction que nous avons accueilli cette comp\u00e9tition ce matin \u00bb a avou\u00e9 M. Diallo. Pour le champion du monde, \u201clog lift\u201d Iron Biby, il est encourageant et motivant de voir tous ces enfants se surpasser.<\/p>\n<p>\u00ab Ceux qui sont venus participer peuvent d\u00e9j\u00e0 se consid\u00e9rer comme gagnant car le fait de venir comp\u00e9tir, est important. Et \u00e0 ce rythme, d\u2019ici dix ans, nous aurons de grands athl\u00e8tes \u00e0 l\u2019image de ceux qui ont inscrit leur nom dans athl\u00e9tisme mondiale\u00bb, a-t-il admis. A neuf ans, le jeune Daouda Congo n\u2019a pas eu de complexe face \u00e0 ses a\u00een\u00e9s. Et m\u00eame s\u2019il ne s\u2019est pas class\u00e9 parmi les cinq meilleurs, il a eu le m\u00e9rit\u00e9 de surclasser un bon nombre de comp\u00e9titeurs, Pour rappeler aux participants que c\u2019est l\u2019esprit qui compte et non la victoire, la d\u00e9l\u00e9gation de l\u2019Union europ\u00e9enne a d\u00e9cern\u00e9 des m\u00e9dailles de participation \u00e0 tous.<\/p>\n<p class=\"c1\"><strong>Donald Wendpouir\u00e9 NIKIEMA<\/strong><\/p>\n<div class=\"td-a-rec td-a-rec-id-content_bottom tdi_33_068 td_block_template_1\">\n<p><img loading=\"lazy\" decoding=\"async\" class=\"aligncenter size-full wp-image-27454\" src=\"https:\/\/www.sidwaya.info\/wp-content\/uploads\/2020\/10\/PUB-Bandeau-paiement-mobile-siteweb.jpg\" alt=\"\" width=\"728\" height=\"90\"\/><\/div>\n<p>Auteur: BM. Sidwaya<br \/>\n<a href=\"https:\/\/www.sidwaya.info\/blog\/2021\/05\/10\/journee-de-leurope-lue-fait-revivre-lavenue-kwame-nkrumah\/\">Cliquez ici pour lire l&rsquo;article depuis sa source.<\/a><\/p>\n","protected":false},"excerpt":{"rendered":"<p>La d\u00e9l\u00e9gation de l\u2019Union europ\u00e9enne au Burkina Faso a comm\u00e9mor\u00e9 le dimanche 9 mai 2021 \u00e0 Ouagadougou, la journ\u00e9e de l\u2019Europe. C\u2019est \u00e0 travers une comp\u00e9tition sportive d\u00e9nomm\u00e9e, le kilom\u00e8tre de l\u2019Europe que cette journ\u00e9e a \u00e9t\u00e9 c\u00e9l\u00e9br\u00e9e au Burkina Faso. \u00ab C\u2019est aujourd\u2019hui 9 mai que nous comm\u00e9morons la f\u00eate \u2019\u2019nationale\u2019\u2019 de l\u2019Europe. C\u2019est [&hellip;]<\/p>\n","protected":false},"author":1816,"featured_media":0,"comment_status":"closed","ping_status":"closed","sticky":false,"template":"","format":"standard","meta":{"fifu_image_url":"https:\/\/www.sidwaya.info\/wp-content\/uploads\/2021\/05\/1-10.jpg","fifu_image_alt":"Journ\u00e9e de l\u2019Europe : l\u2019UE fait revivre l\u2019avenue Kwame Nkrumah","footnotes":""},"categories":[73,81],"tags":[],"class_list":["post-116530","post","type-post","status-publish","format-standard","hentry","category-actualite","category-burkina-faso"],"_links":{"self":[{"href":"https:\/\/linitiative.ca\/International\/wp-json\/wp\/v2\/posts\/116530","targetHints":{"allow":["GET"]}}],"collection":[{"href":"https:\/\/linitiative.ca\/International\/wp-json\/wp\/v2\/posts"}],"about":[{"href":"https:\/\/linitiative.ca\/International\/wp-json\/wp\/v2\/types\/post"}],"author":[{"embeddable":true,"href":"https:\/\/linitiative.ca\/International\/wp-json\/wp\/v2\/users\/1816"}],"replies":[{"embeddable":true,"href":"https:\/\/linitiative.ca\/International\/wp-json\/wp\/v2\/comments?post=116530"}],"version-history":[{"count":0,"href":"https:\/\/linitiative.ca\/International\/wp-json\/wp\/v2\/posts\/116530\/revisions"}],"wp:attachment":[{"href":"https:\/\/linitiative.ca\/International\/wp-json\/wp\/v2\/media?parent=116530"}],"wp:term":[{"taxonomy":"category","embeddable":true,"href":"https:\/\/linitiative.ca\/International\/wp-json\/wp\/v2\/categories?post=116530"},{"taxonomy":"post_tag","embeddable":true,"href":"https:\/\/linitiative.ca\/International\/wp-json\/wp\/v2\/tags?post=116530"}],"curies":[{"name":"wp","href":"https:\/\/api.w.org\/{rel}","templated":true}]}}