{"id":116532,"date":"2021-05-10T17:05:27","date_gmt":"2021-05-10T21:05:27","guid":{"rendered":"https:\/\/linitiative.ca\/International\/reconciliation-nationale-lopposition-installe-son-comite-de-reflexion\/"},"modified":"2021-05-10T17:05:27","modified_gmt":"2021-05-10T21:05:27","slug":"reconciliation-nationale-lopposition-installe-son-comite-de-reflexion","status":"publish","type":"post","link":"https:\/\/linitiative.ca\/International\/reconciliation-nationale-lopposition-installe-son-comite-de-reflexion\/","title":{"rendered":"R\u00e9conciliation nationale : l\u2019opposition installe son comit\u00e9 de r\u00e9flexion"},"content":{"rendered":"<div class=\"td-post-featured-image\"><a href=\"https:\/\/www.sidwaya.info\/wp-content\/uploads\/2021\/05\/1-12.jpg\" data-caption=\"\"><img loading=\"lazy\" decoding=\"async\" width=\"595\" height=\"397\" class=\"entry-thumb td-modal-image\" src=\"https:\/\/www.sidwaya.info\/wp-content\/uploads\/2021\/05\/1-12.jpg\" srcset=\"https:\/\/www.sidwaya.info\/wp-content\/uploads\/2021\/05\/1-12.jpg 595w, https:\/\/www.sidwaya.info\/wp-content\/uploads\/2021\/05\/1-12-300x200.jpg 300w, https:\/\/www.sidwaya.info\/wp-content\/uploads\/2021\/05\/1-12-150x100.jpg 150w\" sizes=\"auto, (max-width: 595px) 100vw, 595px\" alt=\"\" title=\"1\"\/><\/a><\/div>\n<p><strong>Le Chef de file de l\u2019Opposition politique (CFOP), Eddie Kombo\u00efgo, a officiellement install\u00e9, le vendredi 7 mai 2021, \u00e0 Ouagadougou, les membres du comit\u00e9 de r\u00e9flexion sur la r\u00e9conciliation nationale.<\/strong><\/p>\n<p>Le cadre de concertation du Chef de file de l\u2019Opposition politique (CFOP) s\u2019est engag\u00e9 \u00e0 accompagner le processus de r\u00e9conciliation nationale. L\u2019institution a install\u00e9, le vendredi 7 mai 2021, \u00e0 Ouagadougou, les membres du comit\u00e9 de r\u00e9flexion sur la question. L\u2019\u00e9quipe de 12 membres a pour mission de recueillir toutes les donn\u00e9es et de mener les r\u00e9flexions tentant \u00e0 enrichir le processus de r\u00e9conciliation nationale, a indiqu\u00e9 le Chef de file de l\u2019Opposition, Eddie Kombo\u00efgo. Il a pr\u00e9cis\u00e9 qu\u2019au bout de deux semaines le comit\u00e9 devra d\u00e9poser son projet de rapport qui va \u00eatre discut\u00e9 et enrichi au sein du cadre de concertation de l\u2019institution. M. Kombo\u00efgo a, par ailleurs, invit\u00e9 les membres de l\u2019\u00e9quipe \u00e0 faire en sorte que la r\u00e9flexion sur la r\u00e9conciliation soit vraie et sinc\u00e8re et qu\u2019elle ne soit pas une occasion pour certains de se venger.\u00a0\u00ab\u00a0Notre participation doit \u00eatre utile pour que l\u2019histoire ne nous juge pas\u00bb, a-t-il d\u00e9clar\u00e9.<\/p>\n<p>Le pr\u00e9sident du comit\u00e9 de r\u00e9flexion sur la r\u00e9conciliation nationale, Alain Zoubga, a salu\u00e9 la confiance plac\u00e9e en lui et en son \u00e9quipe pour mener ces travaux. A l\u2019entendre, le temps presse mais le comit\u00e9 sera \u00e0 mesure de sortir le document dans le d\u00e9lai.<br \/>\u00ab Nous nous engagerons \u00e0 faire le travail en fonction de nos capacit\u00e9s\u00bb, a-t-il signifi\u00e9.<br \/>M. Zoubga a relev\u00e9 que le Burkina Faso n\u2019est pas \u00e0 sa premi\u00e8re exp\u00e9rience de r\u00e9conciliation. Dans les villages et quartiers, a-t-il soulign\u00e9, il y a chaque jour des sc\u00e8nes de r\u00e9conciliation au sein des populations et cela \u00ab\u00a0ne semble pas \u00eatre pris en compte par les uns et les autres\u00a0\u00bb. De l\u2019avis de Ablass\u00e9 Ou\u00e9draogo, membre du comit\u00e9, la r\u00e9conciliation nationale est une affaire de tous les Burkinab\u00e8.<\/p>\n<p>Pour lui, la mise en place de ce cadre de r\u00e9flexion est une contribution en vue de faire avancer l\u2019initiative du chef de l\u2019Etat, Roch Marc Christian Kabor\u00e9, qui veut que les Burkinab\u00e8 se r\u00e9concilient. Selon lui, la d\u00e9marche du ministre en charge de la r\u00e9conciliation nationale, Z\u00e9phirin Diabr\u00e9, de rencontrer l\u2019ex-pr\u00e9sident du Faso, Blaise Compoar\u00e9, devrait contribuer \u00e0 apaiser les c\u0153urs et surtout amener les Burkinab\u00e8 autour de la table. \u00ab\u00a0Nous voulons tous la r\u00e9conciliation pour relancer notre pays qui souffre de crises sanitaire, s\u00e9curitaire, \u00e9conomique et sociale \u00bb, a-t-il lanc\u00e9.<\/p>\n<p class=\"c1\"><strong>\u00a0Aly SAWADOGO<\/strong><br \/><strong>alysawadogo1@yahoo.fr<\/strong><\/p>\n<div class=\"td-a-rec td-a-rec-id-content_bottom tdi_33_e70 td_block_template_1\">\n<p><img loading=\"lazy\" decoding=\"async\" class=\"aligncenter size-full wp-image-27454\" src=\"https:\/\/www.sidwaya.info\/wp-content\/uploads\/2020\/10\/PUB-Bandeau-paiement-mobile-siteweb.jpg\" alt=\"\" width=\"728\" height=\"90\"\/><\/div>\n<p>Auteur: BM. Sidwaya<br \/>\n<a href=\"https:\/\/www.sidwaya.info\/blog\/2021\/05\/10\/reconciliation-nationale-lopposition-installe-son-comite-de-reflexion\/\">Cliquez ici pour lire l&rsquo;article depuis sa source.<\/a><\/p>\n","protected":false},"excerpt":{"rendered":"<p>Le Chef de file de l\u2019Opposition politique (CFOP), Eddie Kombo\u00efgo, a officiellement install\u00e9, le vendredi 7 mai 2021, \u00e0 Ouagadougou, les membres du comit\u00e9 de r\u00e9flexion sur la r\u00e9conciliation nationale. Le cadre de concertation du Chef de file de l\u2019Opposition politique (CFOP) s\u2019est engag\u00e9 \u00e0 accompagner le processus de r\u00e9conciliation nationale. L\u2019institution a install\u00e9, le [&hellip;]<\/p>\n","protected":false},"author":1816,"featured_media":0,"comment_status":"closed","ping_status":"closed","sticky":false,"template":"","format":"standard","meta":{"fifu_image_url":"https:\/\/www.sidwaya.info\/wp-content\/uploads\/2021\/05\/1-12.jpg","fifu_image_alt":"R\u00e9conciliation nationale : l\u2019opposition installe son comit\u00e9 de r\u00e9flexion","footnotes":""},"categories":[73,81],"tags":[],"class_list":["post-116532","post","type-post","status-publish","format-standard","hentry","category-actualite","category-burkina-faso"],"_links":{"self":[{"href":"https:\/\/linitiative.ca\/International\/wp-json\/wp\/v2\/posts\/116532","targetHints":{"allow":["GET"]}}],"collection":[{"href":"https:\/\/linitiative.ca\/International\/wp-json\/wp\/v2\/posts"}],"about":[{"href":"https:\/\/linitiative.ca\/International\/wp-json\/wp\/v2\/types\/post"}],"author":[{"embeddable":true,"href":"https:\/\/linitiative.ca\/International\/wp-json\/wp\/v2\/users\/1816"}],"replies":[{"embeddable":true,"href":"https:\/\/linitiative.ca\/International\/wp-json\/wp\/v2\/comments?post=116532"}],"version-history":[{"count":0,"href":"https:\/\/linitiative.ca\/International\/wp-json\/wp\/v2\/posts\/116532\/revisions"}],"wp:attachment":[{"href":"https:\/\/linitiative.ca\/International\/wp-json\/wp\/v2\/media?parent=116532"}],"wp:term":[{"taxonomy":"category","embeddable":true,"href":"https:\/\/linitiative.ca\/International\/wp-json\/wp\/v2\/categories?post=116532"},{"taxonomy":"post_tag","embeddable":true,"href":"https:\/\/linitiative.ca\/International\/wp-json\/wp\/v2\/tags?post=116532"}],"curies":[{"name":"wp","href":"https:\/\/api.w.org\/{rel}","templated":true}]}}