{"id":116533,"date":"2021-05-10T17:08:39","date_gmt":"2021-05-10T21:08:39","guid":{"rendered":"https:\/\/linitiative.ca\/International\/prevention-de-la-radicalisation-la-strategie-nationale-validee\/"},"modified":"2021-05-10T17:08:39","modified_gmt":"2021-05-10T21:08:39","slug":"prevention-de-la-radicalisation-la-strategie-nationale-validee","status":"publish","type":"post","link":"https:\/\/linitiative.ca\/International\/prevention-de-la-radicalisation-la-strategie-nationale-validee\/","title":{"rendered":"Pr\u00e9vention de la radicalisation : la strat\u00e9gie nationale valid\u00e9e"},"content":{"rendered":"<div class=\"td-post-featured-image\"><a href=\"https:\/\/www.sidwaya.info\/wp-content\/uploads\/2021\/05\/1-13.jpg\" data-caption=\"\"><img loading=\"lazy\" decoding=\"async\" width=\"595\" height=\"468\" class=\"entry-thumb td-modal-image\" src=\"https:\/\/www.sidwaya.info\/wp-content\/uploads\/2021\/05\/1-13.jpg\" srcset=\"https:\/\/www.sidwaya.info\/wp-content\/uploads\/2021\/05\/1-13.jpg 595w, https:\/\/www.sidwaya.info\/wp-content\/uploads\/2021\/05\/1-13-300x236.jpg 300w, https:\/\/www.sidwaya.info\/wp-content\/uploads\/2021\/05\/1-13-150x118.jpg 150w, https:\/\/www.sidwaya.info\/wp-content\/uploads\/2021\/05\/1-13-534x420.jpg 534w\" sizes=\"auto, (max-width: 595px) 100vw, 595px\" alt=\"\" title=\"1\"\/><\/a><\/div>\n<p><strong>Les minist\u00e8res en charge de l\u2019administration territoriale et de la coh\u00e9sion sociale ont co-organis\u00e9, le lundi 10 mai 2021, \u00e0 Ouagadougou, en partenariat avec l\u2019USAID, un atelier de validation de la Strat\u00e9gie nationale de pr\u00e9vention de la radicalisation et de lutte contre l\u2019extr\u00e9misme violent au Burkina Faso.<\/strong><\/p>\n<p>Le Burkina Faso est le deuxi\u00e8me pays de l\u2019espace G5 Sahel, apr\u00e8s le Niger, \u00e0 disposer d\u2019une Strat\u00e9gie nationale de pr\u00e9vention de la radicalisation et de lutte contre l\u2019extr\u00e9misme violent (SNPREV). Son objectif est\u00a0de \u00ab\u00a0Construire d\u2019ici \u00e0 2030, une nation burkinab\u00e8 dont l\u2019unit\u00e9, la solidarit\u00e9, le patriotisme, l\u2019int\u00e9grit\u00e9, la tol\u00e9rance, l\u2019\u00e9quit\u00e9 et la justice sont des valeurs partag\u00e9es dans un environnement de paix nourri par une croissance inclusive et partag\u00e9e et une gouvernance vertueuse, participative et respectueuse des droits humains\u00a0\u00bb.<\/p>\n<p>En cours d\u2019\u00e9laboration depuis 2018, sur recommandation des Nations unies, ladite strat\u00e9gie et son plan d\u2019actions ont \u00e9t\u00e9 valid\u00e9s, le lundi 10 mai 2021 \u00e0 Ouagadougou, lors d\u2019un atelier co-organis\u00e9 par les minist\u00e8res en charge de l\u2019administration territoriale et de la coh\u00e9sion sociale, en collaboration avec l\u2019Agence des Etats-Unis pour le d\u00e9veloppement international (USAID). Pour le pr\u00e9sident du comit\u00e9 de pilotage, Pierre Bicaba, le processus d\u2019\u00e9laboration de la strat\u00e9gie a \u00e9t\u00e9 participatif avec la mise en place d\u2019un comit\u00e9 de pilotage de 41 membres, constitu\u00e9 des repr\u00e9sentants des d\u00e9partements minist\u00e9riels, de la soci\u00e9t\u00e9 civile, des fa\u00eeti\u00e8res des confessions religieuses, de l\u2019Association des municipalit\u00e9s du Burkina Faso et des Forces de d\u00e9fense et de s\u00e9curit\u00e9 (FDS).<\/p>\n<p>Ce processus a b\u00e9n\u00e9fici\u00e9 du soutien du Projet partenariat pour la paix de l\u2019USAID. L\u2019ambassadeur des Etats Unis au Burkina Faso, Sandra Clark, s\u2019est r\u00e9jouie de l\u2019\u00e9laboration de la strat\u00e9gie qui permettra l\u2019identification des causes de l\u2019extr\u00e9misme violent, la mobilisation du gouvernement, de la soci\u00e9t\u00e9 et des partenaires internationaux, pour s\u2019attaquer \u00e0 ces causes. Convaincue que cette lutte ne sera pas gagn\u00e9e par la seule puissance militaire, Sandra Clark a esp\u00e9r\u00e9 que la mise en \u0153uvre de la strat\u00e9gie renforcera la gouvernance inclusive, les institutions de l\u2019Etat et le respect des droits humains. \u00ab\u00a0Ce dernier objectif est fondamental, \u00e9tant donn\u00e9 que les violations des droits peuvent compromettre les efforts du gouvernement pour combattre et \u00e9radiquer l\u2019extr\u00e9misme violent\u00a0\u00bb, a-t-il pr\u00e9cis\u00e9.<\/p>\n<p>Pour sa part, le ministre d\u2019Etat, ministre de l\u2019Administration territoriale et de la D\u00e9centralisation, Cl\u00e9ment Sawadogo, a f\u00e9licit\u00e9 les acteurs qui ont contribu\u00e9 \u00e0 l\u2019\u00e9laboration de la SNPREV et de son plan d\u2019actions. Il les a rassur\u00e9s de la mobilisation de son d\u00e9partement et de tous ses d\u00e9membrements pour la mise en \u0153uvre r\u00e9ussie et le suivi des actions retenues.<\/p>\n<p>D\u00e9j\u00e0, le ministre d\u2019Etat aupr\u00e8s du pr\u00e9sident Faso, charg\u00e9 de la R\u00e9conciliation nationale et de la Coh\u00e9sion sociale, Z\u00e9phirin Diabr\u00e9, a appel\u00e9 \u00e0 la concertation permanente des acteurs, la capitalisation des acquis et la coordination des efforts. \u00ab A cet effet, tr\u00e8s bient\u00f4t, un cadre sera propos\u00e9 pour permettre le dialogue entre les acteurs pour une mutualisation des forces en vue d\u2019une meilleure atteinte des objectifs respectifs et collectifs \u00bb, s\u2019est-il engag\u00e9. \u00ad\u00ad<\/p>\n<p class=\"c1\"><strong>Jean-Marie TOE<\/strong><\/p>\n<div class=\"td-a-rec td-a-rec-id-content_bottom tdi_33_e99 td_block_template_1\">\n<p><img loading=\"lazy\" decoding=\"async\" class=\"aligncenter size-full wp-image-27454\" src=\"https:\/\/www.sidwaya.info\/wp-content\/uploads\/2020\/10\/PUB-Bandeau-paiement-mobile-siteweb.jpg\" alt=\"\" width=\"728\" height=\"90\"\/><\/div>\n<p>Auteur: BM. Sidwaya<br \/>\n<a href=\"https:\/\/www.sidwaya.info\/blog\/2021\/05\/10\/prevention-de-la-radicalisation-la-strategie-nationale-validee\/\">Cliquez ici pour lire l&rsquo;article depuis sa source.<\/a><\/p>\n","protected":false},"excerpt":{"rendered":"<p>Les minist\u00e8res en charge de l\u2019administration territoriale et de la coh\u00e9sion sociale ont co-organis\u00e9, le lundi 10 mai 2021, \u00e0 Ouagadougou, en partenariat avec l\u2019USAID, un atelier de validation de la Strat\u00e9gie nationale de pr\u00e9vention de la radicalisation et de lutte contre l\u2019extr\u00e9misme violent au Burkina Faso. Le Burkina Faso est le deuxi\u00e8me pays de [&hellip;]<\/p>\n","protected":false},"author":1816,"featured_media":0,"comment_status":"closed","ping_status":"closed","sticky":false,"template":"","format":"standard","meta":{"fifu_image_url":"https:\/\/www.sidwaya.info\/wp-content\/uploads\/2021\/05\/1-13.jpg","fifu_image_alt":"Pr\u00e9vention de la radicalisation : la strat\u00e9gie nationale valid\u00e9e","footnotes":""},"categories":[73,81],"tags":[],"class_list":["post-116533","post","type-post","status-publish","format-standard","hentry","category-actualite","category-burkina-faso"],"_links":{"self":[{"href":"https:\/\/linitiative.ca\/International\/wp-json\/wp\/v2\/posts\/116533","targetHints":{"allow":["GET"]}}],"collection":[{"href":"https:\/\/linitiative.ca\/International\/wp-json\/wp\/v2\/posts"}],"about":[{"href":"https:\/\/linitiative.ca\/International\/wp-json\/wp\/v2\/types\/post"}],"author":[{"embeddable":true,"href":"https:\/\/linitiative.ca\/International\/wp-json\/wp\/v2\/users\/1816"}],"replies":[{"embeddable":true,"href":"https:\/\/linitiative.ca\/International\/wp-json\/wp\/v2\/comments?post=116533"}],"version-history":[{"count":0,"href":"https:\/\/linitiative.ca\/International\/wp-json\/wp\/v2\/posts\/116533\/revisions"}],"wp:attachment":[{"href":"https:\/\/linitiative.ca\/International\/wp-json\/wp\/v2\/media?parent=116533"}],"wp:term":[{"taxonomy":"category","embeddable":true,"href":"https:\/\/linitiative.ca\/International\/wp-json\/wp\/v2\/categories?post=116533"},{"taxonomy":"post_tag","embeddable":true,"href":"https:\/\/linitiative.ca\/International\/wp-json\/wp\/v2\/tags?post=116533"}],"curies":[{"name":"wp","href":"https:\/\/api.w.org\/{rel}","templated":true}]}}