{"id":116536,"date":"2021-05-10T16:18:01","date_gmt":"2021-05-10T20:18:01","guid":{"rendered":"https:\/\/linitiative.ca\/International\/rabat-et-lome-decident-de-creer-un-conseil-daffaires-maroco-togolais\/"},"modified":"2021-05-10T16:18:01","modified_gmt":"2021-05-10T20:18:01","slug":"rabat-et-lome-decident-de-creer-un-conseil-daffaires-maroco-togolais","status":"publish","type":"post","link":"https:\/\/linitiative.ca\/International\/rabat-et-lome-decident-de-creer-un-conseil-daffaires-maroco-togolais\/","title":{"rendered":"Rabat et Lom\u00e9 d\u00e9cident de cr\u00e9er un Conseil d\u2019Affaires maroco-togolais"},"content":{"rendered":"<div readability=\"32\">\n<p>Publi\u00e9 le 10.05.2021 \u00e0 21h18 par APA News<\/p>\n<\/div>\n<div readability=\"92\">\n<p>Le Maroc et le Togo ont d\u00e9cid\u00e9, ce lundi, de multiplier les missions d\u2019hommes d\u2019affaires pour prospecter d\u2019autres opportunit\u00e9s de commerce et d\u2019investissement et de cr\u00e9er un Conseil d\u2019Affaires maroco-togolais.Lors d\u2019un entretien en visioconf\u00e9rence, les ministres des Affaires \u00e9trang\u00e8res marocain, Nasser Bourita et togolais, Robert Dussey ont convenu de tenir \u00e0 Rabat, une fois la situation sanitaire mondiale le permettant, la premi\u00e8re session de la Commission mixte de coop\u00e9ration maroco-togolaise, \u00e0 une date qui sera arr\u00eat\u00e9e d\u2019un commun accord, rapporte un communiqu\u00e9 du minist\u00e8re marocain des Affaires \u00e9trang\u00e8res.<\/p>\n<p>Les deux ministres se sont engag\u00e9s \u00e0 tout mettre en \u0153uvre en vue de raffermir davantage leurs relations, d\u2019intensifier et de diversifier leur coop\u00e9ration dans tous les secteurs porteurs, notamment en mati\u00e8re de formation.<\/p>\n<p>Ainsi, le quota des bourses p\u00e9dagogiques accord\u00e9es par le Maroc annuellement aux \u00e9tudiants togolais a \u00e9t\u00e9 revu \u00e0 la hausse, passant ainsi de 70 \u00e0 100. Ils ont convenu de renforcer davantage la coop\u00e9ration Sud-Sud ambitieuse \u00e0 travers un partenariat englobant les domaines d\u2019int\u00e9r\u00eat commun et s\u2019appuyant sur l\u2019\u00e9change d\u2019exp\u00e9riences ainsi que sur une politique plus volontariste des hommes d\u2019affaires des deux pays.<\/p>\n<p>Au sujet de la question du Sahara, M. Bourita s\u2019est f\u00e9licit\u00e9 de la participation du Togo, en la personne de M. Robert Dussey, \u00e0 la Conf\u00e9rence minist\u00e9rielle de soutien \u00e0 l\u2019initiative d\u2019autonomie sous la Souverainet\u00e9 du Maroc qui s\u2019est tenue virtuellement le 15 janvier 2021, \u00e0 l\u2019invitation du Maroc et des Etats-Unis d\u2019Am\u00e9rique.<\/p>\n<p>S\u2019en f\u00e9licitant, le ministre togolais a soulign\u00e9 que cette rencontre a \u00e9t\u00e9 tr\u00e8s importante, marquant que la souverainet\u00e9 du Maroc sur la r\u00e9gion du Sahara est totale.<\/p>\n<p>A cet \u00e9gard, M. Dussey a r\u00e9it\u00e9r\u00e9 l\u2019attachement r\u00e9solu et constant de son pays \u00e0 l\u2019int\u00e9grit\u00e9 territoriale du Maroc et a renouvel\u00e9 son appui ferme \u00e0 une solution politique n\u00e9goci\u00e9e, consensuelle et d\u00e9finitive, sous l\u2019\u00e9gide exclusif des Nations Unies, garantissant le projet d\u2019autonomie des provinces marocaines du Sud, dans le cadre de la souverainet\u00e9 du Royaume du Maroc, de son unit\u00e9 nationale et de son int\u00e9grit\u00e9 territoriale.<\/p>\n<p>Les deux ministres ont insist\u00e9 sur l\u2019imp\u00e9ratif du respect des normes et proc\u00e9dures au sein des organes de l\u2019Union Africaine, et r\u00e9affirm\u00e9 la pertinence de la d\u00e9cision 693 du Sommet des Chefs d\u2019Etat et de Gouvernement de l\u2019Union Africaine de juillet 2018, qui a consacr\u00e9 l\u2019exclusivit\u00e9 de l\u2019ONU en tant que cadre pour la recherche d\u2019une solution au conflit r\u00e9gional autour du Sahara marocain.<\/p>\n<p>M. Dussey a accueilli avec satisfaction l\u2019annonce par M. Bourita de l\u2019ouverture prochaine d\u2019une mission diplomatique marocaine \u00e0 Lom\u00e9.<\/p>\n<\/div>\n<p>Auteur: APA News<br \/>\n<a href=\"https:\/\/www.journalducameroun.com\/rabat-et-lome-decident-de-creer-un-conseil-daffaires-maroco-togolais\/\">Cliquez ici pour lire l&rsquo;article depuis sa source.<\/a><\/p>\n","protected":false},"excerpt":{"rendered":"<p>Publi\u00e9 le 10.05.2021 \u00e0 21h18 par APA News Le Maroc et le Togo ont d\u00e9cid\u00e9, ce lundi, de multiplier les missions d\u2019hommes d\u2019affaires pour prospecter d\u2019autres opportunit\u00e9s de commerce et d\u2019investissement et de cr\u00e9er un Conseil d\u2019Affaires maroco-togolais.Lors d\u2019un entretien en visioconf\u00e9rence, les ministres des Affaires \u00e9trang\u00e8res marocain, Nasser Bourita et togolais, Robert Dussey ont [&hellip;]<\/p>\n","protected":false},"author":1965,"featured_media":0,"comment_status":"closed","ping_status":"closed","sticky":false,"template":"","format":"standard","meta":{"fifu_image_url":"","fifu_image_alt":"","footnotes":""},"categories":[73,82],"tags":[],"class_list":["post-116536","post","type-post","status-publish","format-standard","hentry","category-actualite","category-cameroun"],"_links":{"self":[{"href":"https:\/\/linitiative.ca\/International\/wp-json\/wp\/v2\/posts\/116536","targetHints":{"allow":["GET"]}}],"collection":[{"href":"https:\/\/linitiative.ca\/International\/wp-json\/wp\/v2\/posts"}],"about":[{"href":"https:\/\/linitiative.ca\/International\/wp-json\/wp\/v2\/types\/post"}],"author":[{"embeddable":true,"href":"https:\/\/linitiative.ca\/International\/wp-json\/wp\/v2\/users\/1965"}],"replies":[{"embeddable":true,"href":"https:\/\/linitiative.ca\/International\/wp-json\/wp\/v2\/comments?post=116536"}],"version-history":[{"count":0,"href":"https:\/\/linitiative.ca\/International\/wp-json\/wp\/v2\/posts\/116536\/revisions"}],"wp:attachment":[{"href":"https:\/\/linitiative.ca\/International\/wp-json\/wp\/v2\/media?parent=116536"}],"wp:term":[{"taxonomy":"category","embeddable":true,"href":"https:\/\/linitiative.ca\/International\/wp-json\/wp\/v2\/categories?post=116536"},{"taxonomy":"post_tag","embeddable":true,"href":"https:\/\/linitiative.ca\/International\/wp-json\/wp\/v2\/tags?post=116536"}],"curies":[{"name":"wp","href":"https:\/\/api.w.org\/{rel}","templated":true}]}}