{"id":116537,"date":"2021-05-10T16:18:02","date_gmt":"2021-05-10T20:18:02","guid":{"rendered":"https:\/\/linitiative.ca\/International\/les-deputes-du-pdci-demandent-un-debat-parlementaire-sur-le-deficit-delectricite\/"},"modified":"2021-05-10T16:18:02","modified_gmt":"2021-05-10T20:18:02","slug":"les-deputes-du-pdci-demandent-un-debat-parlementaire-sur-le-deficit-delectricite","status":"publish","type":"post","link":"https:\/\/linitiative.ca\/International\/les-deputes-du-pdci-demandent-un-debat-parlementaire-sur-le-deficit-delectricite\/","title":{"rendered":"Les d\u00e9put\u00e9s du Pdci demandent un d\u00e9bat parlementaire sur le d\u00e9ficit d\u2019\u00e9lectricit\u00e9"},"content":{"rendered":"<div readability=\"32\">\n<p>Publi\u00e9 le 10.05.2021 \u00e0 21h18 par APA News<\/p>\n<\/div>\n<div readability=\"88\">\n<p>Le Groupe parlementaire du Parti d\u00e9mocratique de C\u00f4te d\u2019Ivoire (Parti ) a indiqu\u00e9 lundi avoir demand\u00e9 au pr\u00e9sident de l\u2019Assembl\u00e9e nationale une session \u00ab\u00a0questions orales avec d\u00e9bat\u00a0\u00bb sur le d\u00e9ficit d\u2019\u00e9nergie impliquant le ministre des Mines, du P\u00e9trole et de l\u2019Energie.<\/p>\n<p>\u00ab\u00a0Au nom du Groupe parlementaire Pdci, une question orale avec d\u00e9bat est propos\u00e9e au gouvernement \u00e0 l\u2019occasion des travaux de la pr\u00e9sente session ordinaire\u00a0\u00bb, a dit Yasmina Ou\u00e9gnin, vice-pr\u00e9sidente, lors d\u2019un point de presse. \u00a0<\/p>\n<p>Cette requ\u00eate adress\u00e9e au pr\u00e9sident de l\u2019Assembl\u00e9e nationale, Amadou Soumahoro, demande l\u2019intervention du ministre ivoirien des Mines, du P\u00e9trole et de l\u2019\u00e9nergie, Thomas Camara, afin d\u2019apporter un \u00ab\u00a0\u00e9clairage\u00a0\u00bb sur la situation de d\u00e9ficit de l\u2019\u00e9lectricit\u00e9 en C\u00f4te d\u2019Ivoire.<\/p>\n<p>Les d\u00e9put\u00e9s du Pdci exigent notamment un \u00e9clairage \u00ab\u00a0sur les causes r\u00e9elles des perturbations actuelles que conna\u00eet le r\u00e9seau \u00e9lectrique; quel est l\u2019impact de ces perturbations sur l\u2019\u00e9conomie nationale\u00a0\u00bb et les \u00ab\u00a0mesures prises pour att\u00e9nuer les souffrances des usagers\u00a0\u00bb, a-t-il dit.\u00a0<\/p>\n<p>Dans cette optique, le d\u00e9put\u00e9 de Bouafl\u00e9 sous-pr\u00e9fecture, Richmond Abi Koffi, a au nom du Groupe parlementaire Pdci \u00e9crit au ministre des Mines, du P\u00e9trole et de l\u2019\u00c9nergie, lui demandant d\u2019instruire le peuple sur les dispositions pour r\u00e9soudre et pr\u00e9venir des crises similaires.<\/p>\n<p>La C\u00f4te d\u2019Ivoire fait face \u00e0 une grave crise \u00e9nerg\u00e9tique depuis le d\u00e9but du mois d\u2019avril 2021, caract\u00e9ris\u00e9es notamment par des coupures d\u2019\u00e9lectricit\u00e9 de longue dur\u00e9e, affectant les m\u00e9nages, les entreprises et le fonctionnement des administrations.\u00a0<\/p>\n<p>Le ministre des Mines, du P\u00e9trole et de l\u2019\u00c9nergie, Thomas Camara a expliqu\u00e9 que ce d\u00e9ficit d\u2019\u00e9lectricit\u00e9 a lieu \u00e0 la suite d\u2019une insuffisance d\u2019eau dans les barrages hydro\u00e9lectriques du pays due \u00e0 la s\u00e9cheresse et des pannes survenues dans une centrale thermique.\u00a0<\/p>\n<p>Il a annonc\u00e9 que l\u2019\u00e9lectricit\u00e9 sera \u00ab\u00a0rationn\u00e9e\u00a0\u00bb dans les m\u00e9nages et dans les entreprises. Cependant, avec les investissements engag\u00e9s d\u2019urgence, la situation devrait se stabiliser dans deux mois, soit en juillet 2021.\u00a0<\/p>\n<\/div>\n<p>Auteur: APA News<br \/>\n<a href=\"https:\/\/www.journalducameroun.com\/les-deputes-du-pdci-demandent-un-debat-parlementaire-sur-le-deficit-delectricite\/\">Cliquez ici pour lire l&rsquo;article depuis sa source.<\/a><\/p>\n","protected":false},"excerpt":{"rendered":"<p>Publi\u00e9 le 10.05.2021 \u00e0 21h18 par APA News Le Groupe parlementaire du Parti d\u00e9mocratique de C\u00f4te d\u2019Ivoire (Parti ) a indiqu\u00e9 lundi avoir demand\u00e9 au pr\u00e9sident de l\u2019Assembl\u00e9e nationale une session \u00ab\u00a0questions orales avec d\u00e9bat\u00a0\u00bb sur le d\u00e9ficit d\u2019\u00e9nergie impliquant le ministre des Mines, du P\u00e9trole et de l\u2019Energie. \u00ab\u00a0Au nom du Groupe parlementaire Pdci, [&hellip;]<\/p>\n","protected":false},"author":1965,"featured_media":0,"comment_status":"closed","ping_status":"closed","sticky":false,"template":"","format":"standard","meta":{"fifu_image_url":"","fifu_image_alt":"","footnotes":""},"categories":[73,82],"tags":[],"class_list":["post-116537","post","type-post","status-publish","format-standard","hentry","category-actualite","category-cameroun"],"_links":{"self":[{"href":"https:\/\/linitiative.ca\/International\/wp-json\/wp\/v2\/posts\/116537","targetHints":{"allow":["GET"]}}],"collection":[{"href":"https:\/\/linitiative.ca\/International\/wp-json\/wp\/v2\/posts"}],"about":[{"href":"https:\/\/linitiative.ca\/International\/wp-json\/wp\/v2\/types\/post"}],"author":[{"embeddable":true,"href":"https:\/\/linitiative.ca\/International\/wp-json\/wp\/v2\/users\/1965"}],"replies":[{"embeddable":true,"href":"https:\/\/linitiative.ca\/International\/wp-json\/wp\/v2\/comments?post=116537"}],"version-history":[{"count":0,"href":"https:\/\/linitiative.ca\/International\/wp-json\/wp\/v2\/posts\/116537\/revisions"}],"wp:attachment":[{"href":"https:\/\/linitiative.ca\/International\/wp-json\/wp\/v2\/media?parent=116537"}],"wp:term":[{"taxonomy":"category","embeddable":true,"href":"https:\/\/linitiative.ca\/International\/wp-json\/wp\/v2\/categories?post=116537"},{"taxonomy":"post_tag","embeddable":true,"href":"https:\/\/linitiative.ca\/International\/wp-json\/wp\/v2\/tags?post=116537"}],"curies":[{"name":"wp","href":"https:\/\/api.w.org\/{rel}","templated":true}]}}