{"id":116538,"date":"2021-05-10T17:18:01","date_gmt":"2021-05-10T21:18:01","guid":{"rendered":"https:\/\/linitiative.ca\/International\/fmi-kristalina-georgieva-loue-les-merites-dalassane-ouattara\/"},"modified":"2021-05-10T17:18:01","modified_gmt":"2021-05-10T21:18:01","slug":"fmi-kristalina-georgieva-loue-les-merites-dalassane-ouattara","status":"publish","type":"post","link":"https:\/\/linitiative.ca\/International\/fmi-kristalina-georgieva-loue-les-merites-dalassane-ouattara\/","title":{"rendered":"FMI: Kristalina Georgieva loue les m\u00e9rites d\u2019Alassane Ouattara"},"content":{"rendered":"<div readability=\"32\">\n<p>Publi\u00e9 le 10.05.2021 \u00e0 22h18 par APA News<\/p>\n<\/div>\n<div readability=\"74\">\n<p>La directrice g\u00e9n\u00e9rale du Fonds mon\u00e9taire international (FMI) a affirm\u00e9 lundi \u00abqu\u2019il n\u2019y a personne d\u2019autres qui ait autant fait pour le d\u00e9partement Afrique ou pour le FMI ou pour son pays et le continent africain comme Alassane Ouattara \u00bb.<\/p>\n<p>Mme Georgieva s\u2019exprimait par visioconf\u00e9rence dans un \u00e9change avec le pr\u00e9sident ivoirien Alassane Ouattara \u00e0 l\u2019occasion des festivit\u00e9s comm\u00e9moratives du 60\u00e8 anniversaire du d\u00e9partement Afrique du \u00a0FMI.<\/p>\n<p>Le \u00a0chef de l\u2019Etat ivoirien a \u00e9t\u00e9 directeur g\u00e9n\u00e9ral du d\u00e9partement Afrique du FMI de 1984 \u00e0 1988 avant d\u2019\u00eatre le directeur g\u00e9n\u00e9ral adjoint de cette institution de 1994 \u00e0 1999.<\/p>\n<p>\u00ab En conclusion, je dois dire qu\u2019il n\u2019y a personne d\u2019autre, qui ait fait autant pour le d\u00e9partement Afrique ou pour le FMI ou pour son pays et pour le continent \u00a0comme Alassane Ouattara \u00bb, a dit la directrice g\u00e9n\u00e9rale du FMI dans une allocution retransmise par visioconf\u00e9rence.<\/p>\n<p>\u00a0\u00ab \u00a0Nous devons travailler en harmonie avec les dirigeants africains\u2026 L\u2019Afrique est en \u00a0mouvement et doit rester en mouvement \u00bb, a indiqu\u00e9 Mme \u00a0Georgieva, se r\u00e9jouissant de \u00ab notre partenariat pour la prosp\u00e9rit\u00e9 \u00bb.\u00a0<\/p>\n<p>A son tour, le pr\u00e9sident ivoirien qui \u00e9tait l\u2019invit\u00e9 de ces festivit\u00e9s comm\u00e9moratives, a estim\u00e9 que beaucoup de chemin reste \u00e0 faire \u00a0pour am\u00e9liorer la repr\u00e9sentativit\u00e9 du continent africain au FMI.<\/p>\n<p>De son avis, il est fondamental que le FMI continue de rester \u00e0 l\u2019\u00e9coute des autorit\u00e9s des pays membres surtout lorsque ceux-ci font face \u00e0 des chocs int\u00e9rieurs et ext\u00e9rieurs.<\/p>\n<p>Poursuivant, M. Ouattara a salu\u00e9 \u00abl\u2019excellent travail \u00bb accompli par le d\u00e9partement Afrique du FMI pour aider les pays africains \u00e0 contenir les effets de la pand\u00e9mie \u00e0 coronavirus.\u00a0<\/p>\n<p>\u00ab Le FMI est devenu aujourd\u2019hui comme un filet de s\u00e9curit\u00e9 pour l\u2019Afrique \u00bb, a soutenu le pr\u00e9sident ivoirien, se f\u00e9licitant de \u00abl\u2019excellente collaboration \u00bb entre le FMI et la C\u00f4te d\u2019Ivoire.<\/p>\n<\/div>\n<p>Auteur: APA News<br \/>\n<a href=\"https:\/\/www.journalducameroun.com\/fmi-kristalina-georgieva-loue-les-merites-dalassane-ouattara\/\">Cliquez ici pour lire l&rsquo;article depuis sa source.<\/a><\/p>\n","protected":false},"excerpt":{"rendered":"<p>Publi\u00e9 le 10.05.2021 \u00e0 22h18 par APA News La directrice g\u00e9n\u00e9rale du Fonds mon\u00e9taire international (FMI) a affirm\u00e9 lundi \u00abqu\u2019il n\u2019y a personne d\u2019autres qui ait autant fait pour le d\u00e9partement Afrique ou pour le FMI ou pour son pays et le continent africain comme Alassane Ouattara \u00bb. Mme Georgieva s\u2019exprimait par visioconf\u00e9rence dans un [&hellip;]<\/p>\n","protected":false},"author":1965,"featured_media":0,"comment_status":"closed","ping_status":"closed","sticky":false,"template":"","format":"standard","meta":{"fifu_image_url":"","fifu_image_alt":"","footnotes":""},"categories":[73,82],"tags":[],"class_list":["post-116538","post","type-post","status-publish","format-standard","hentry","category-actualite","category-cameroun"],"_links":{"self":[{"href":"https:\/\/linitiative.ca\/International\/wp-json\/wp\/v2\/posts\/116538","targetHints":{"allow":["GET"]}}],"collection":[{"href":"https:\/\/linitiative.ca\/International\/wp-json\/wp\/v2\/posts"}],"about":[{"href":"https:\/\/linitiative.ca\/International\/wp-json\/wp\/v2\/types\/post"}],"author":[{"embeddable":true,"href":"https:\/\/linitiative.ca\/International\/wp-json\/wp\/v2\/users\/1965"}],"replies":[{"embeddable":true,"href":"https:\/\/linitiative.ca\/International\/wp-json\/wp\/v2\/comments?post=116538"}],"version-history":[{"count":0,"href":"https:\/\/linitiative.ca\/International\/wp-json\/wp\/v2\/posts\/116538\/revisions"}],"wp:attachment":[{"href":"https:\/\/linitiative.ca\/International\/wp-json\/wp\/v2\/media?parent=116538"}],"wp:term":[{"taxonomy":"category","embeddable":true,"href":"https:\/\/linitiative.ca\/International\/wp-json\/wp\/v2\/categories?post=116538"},{"taxonomy":"post_tag","embeddable":true,"href":"https:\/\/linitiative.ca\/International\/wp-json\/wp\/v2\/tags?post=116538"}],"curies":[{"name":"wp","href":"https:\/\/api.w.org\/{rel}","templated":true}]}}