{"id":116539,"date":"2021-05-10T17:18:02","date_gmt":"2021-05-10T21:18:02","guid":{"rendered":"https:\/\/linitiative.ca\/International\/mariatou-kone-echange-avec-les-editeurs-de-cote-divoire-sur-la-qualite-des-ouvrages\/"},"modified":"2021-05-10T17:18:02","modified_gmt":"2021-05-10T21:18:02","slug":"mariatou-kone-echange-avec-les-editeurs-de-cote-divoire-sur-la-qualite-des-ouvrages","status":"publish","type":"post","link":"https:\/\/linitiative.ca\/International\/mariatou-kone-echange-avec-les-editeurs-de-cote-divoire-sur-la-qualite-des-ouvrages\/","title":{"rendered":"Mariatou Kon\u00e9 \u00e9change avec les \u00e9diteurs de C\u00f4te d\u2019Ivoire sur la qualit\u00e9 des ouvrages"},"content":{"rendered":"<div readability=\"32\">\n<p>Publi\u00e9 le 10.05.2021 \u00e0 22h18 par APA News<\/p>\n<\/div>\n<div readability=\"60\">\n<p>La ministre de l\u2019Education nationale et de l\u2019alphab\u00e9tisation, Pr Mariatou Kon\u00e9 a \u00e9chang\u00e9, lundi \u00e0 Abidjan, avec les \u00e9diteurs de C\u00f4te d\u2019Ivoire.<\/p>\n<p>Outre la prise de contact, les \u00e9changes ont port\u00e9 notamment sur l\u2019am\u00e9lioration de la collaboration pour la qualit\u00e9 de l\u2019enseignement, l\u2019am\u00e9lioration de la qualit\u00e9 des ouvrages et manuels scolaires, l\u2019assainissement du secteur des \u00e9ditions.<\/p>\n<p>\u00a0Saluant la d\u00e9marche et l\u2019initiative de la ministre, les \u00e9diteurs ont fait part des difficult\u00e9s qu\u2019ils rencontrent. Il s\u2019agit entre autres de \u00a0la conception, la contrefa\u00e7on, les probl\u00e8mes li\u00e9s \u00e0 la distribution et de la concurrence d\u00e9loyale.\u00a0<\/p>\n<p>En r\u00e9action aux pr\u00e9occupations pr\u00e9sent\u00e9es par les \u00e9diteurs, la ministre s\u2019est voulue rassurante. \u00a0\u00ab Je veux m\u2019engager dans la transparence et dans l\u2019\u00e9quit\u00e9. Ensemble nous essaierons de trouver des solutions \u00bb, a dit Mariatou Kon\u00e9.<\/p>\n<p>Poursuivant, les \u00e9diteurs ont souhait\u00e9 \u00e9galement la cr\u00e9ation d\u2019une maison de formation des \u00e9diteurs \u00e0 l\u2019instar de plusieurs pays.\u00a0<\/p>\n<\/div>\n<p>Auteur: APA News<br \/>\n<a href=\"https:\/\/www.journalducameroun.com\/mariatou-kone-echange-avec-les-editeurs-de-cote-divoire-sur-la-qualite-des-ouvrages\/\">Cliquez ici pour lire l&rsquo;article depuis sa source.<\/a><\/p>\n","protected":false},"excerpt":{"rendered":"<p>Publi\u00e9 le 10.05.2021 \u00e0 22h18 par APA News La ministre de l\u2019Education nationale et de l\u2019alphab\u00e9tisation, Pr Mariatou Kon\u00e9 a \u00e9chang\u00e9, lundi \u00e0 Abidjan, avec les \u00e9diteurs de C\u00f4te d\u2019Ivoire. Outre la prise de contact, les \u00e9changes ont port\u00e9 notamment sur l\u2019am\u00e9lioration de la collaboration pour la qualit\u00e9 de l\u2019enseignement, l\u2019am\u00e9lioration de la qualit\u00e9 des [&hellip;]<\/p>\n","protected":false},"author":1965,"featured_media":0,"comment_status":"closed","ping_status":"closed","sticky":false,"template":"","format":"standard","meta":{"fifu_image_url":"","fifu_image_alt":"","footnotes":""},"categories":[73,82],"tags":[],"class_list":["post-116539","post","type-post","status-publish","format-standard","hentry","category-actualite","category-cameroun"],"_links":{"self":[{"href":"https:\/\/linitiative.ca\/International\/wp-json\/wp\/v2\/posts\/116539","targetHints":{"allow":["GET"]}}],"collection":[{"href":"https:\/\/linitiative.ca\/International\/wp-json\/wp\/v2\/posts"}],"about":[{"href":"https:\/\/linitiative.ca\/International\/wp-json\/wp\/v2\/types\/post"}],"author":[{"embeddable":true,"href":"https:\/\/linitiative.ca\/International\/wp-json\/wp\/v2\/users\/1965"}],"replies":[{"embeddable":true,"href":"https:\/\/linitiative.ca\/International\/wp-json\/wp\/v2\/comments?post=116539"}],"version-history":[{"count":0,"href":"https:\/\/linitiative.ca\/International\/wp-json\/wp\/v2\/posts\/116539\/revisions"}],"wp:attachment":[{"href":"https:\/\/linitiative.ca\/International\/wp-json\/wp\/v2\/media?parent=116539"}],"wp:term":[{"taxonomy":"category","embeddable":true,"href":"https:\/\/linitiative.ca\/International\/wp-json\/wp\/v2\/categories?post=116539"},{"taxonomy":"post_tag","embeddable":true,"href":"https:\/\/linitiative.ca\/International\/wp-json\/wp\/v2\/tags?post=116539"}],"curies":[{"name":"wp","href":"https:\/\/api.w.org\/{rel}","templated":true}]}}