{"id":116543,"date":"2021-05-10T13:52:03","date_gmt":"2021-05-10T17:52:03","guid":{"rendered":"https:\/\/linitiative.ca\/International\/lafd-surveille-les-chantiers-des-projets-c2d-a-bertoua\/"},"modified":"2021-05-10T13:52:03","modified_gmt":"2021-05-10T17:52:03","slug":"lafd-surveille-les-chantiers-des-projets-c2d-a-bertoua","status":"publish","type":"post","link":"https:\/\/linitiative.ca\/International\/lafd-surveille-les-chantiers-des-projets-c2d-a-bertoua\/","title":{"rendered":"L\u2019AFD surveille les chantiers des projets C2D \u00e0 Bertoua"},"content":{"rendered":"<p>Entre mardi 4 et mercredi 5 mai 2021, une importante mission de l\u2019Agence fran\u00e7aise de d\u00e9veloppement (l\u2019AFD) a s\u00e9journ\u00e9 \u00e0 Bertoua, chef-lieu de la r\u00e9gion de l\u2019Est. Pendant son s\u00e9jour, la mission conduite par Nicolas Willemin, Directeur g\u00e9n\u00e9ral adjoint de l\u2019AFD a parcouru les diff\u00e9rents chantiers r\u00e9alis\u00e9s \u00e0 Bertoua dans le cadre du programme C2D urbain \u00ab capitales r\u00e9gionales \u00bb. Il s\u2019agit des travaux d\u2019am\u00e9nagement de la voirie urbaine, l\u2019installation des cand\u00e9labres solaires et la construction des infrastructures socio\u00e9conomiques. Une visite qui a permis aux b\u00e9n\u00e9ficiaires de certains quartiers de la ville de s\u2019exprimer. \u00ab Depuis son installation, cette cand\u00e9labre solaire a r\u00e9duit consid\u00e9rablement le nombre des agressions nocturnes dans ce carrefour \u00bb, affirme Ernest Yemelong, habitant du quartier Ekounou. Comme lui plusieurs habitants des quartiers Nkolbikon, Ndouan, Mokolo-Semb\u00e9, Tindamba, Ekombiti\u00e9, affirment que l\u2019installation des cand\u00e9labres solaires automatiques dans leurs principaux carrefours a consid\u00e9rablement r\u00e9duit \u00ab les braquages nocturnes op\u00e9r\u00e9s \u00e0 la faveur des d\u00e9lestages qui s\u00e9vissent dans la ville de Bertoua \u00bb.<\/p>\n<p><strong>Lire aussi<\/strong> : <strong><a href=\"https:\/\/ecomatin.net\/lafd-octroie-200-millionss-de-f-pour-la-promotion-du-cacao-durable-dans-la-region-de-lest\/\">L\u2019AFD octroie 200 millions de F pour la promotion du cacao durable dans la r\u00e9gion de l\u2019Est<\/a><\/strong><\/p>\n<p>La d\u00e9l\u00e9gation de l\u2019AFD a aussi tenu les audiences avec le gouverneur de l\u2019Est, Gr\u00e9goire Mvongo, le pr\u00e9fet du Lom-et-Djerem, Donatien Boyomo et le maire de la ville de Bertoua, Jean Marie Dimb\u00e9l\u00e9. Aupr\u00e8s du maire de la ville pr\u00e9cis\u00e9ment, il \u00e9tait question de \u00ab revoir tous les dispositifs techniques, mat\u00e9riels, humains et environnementaux des projets du programme C2D afin d\u2019obtenir d\u2019\u00e9ventuel financement pour la suite des projets \u00bb. De fa\u00e7on g\u00e9n\u00e9rale, cette descente sur le terrain a permis de constater l\u2019\u00e9tat d\u2019avancement g\u00e9n\u00e9ral des projets du CD2 capitales r\u00e9gionales dans la ville de Bertoua. \u00ab Je suis satisfait du niveau d\u2019avancement des diff\u00e9rents projets \u00bb, a indiqu\u00e9 Nicolas Willemin. Financ\u00e9s pour un montant global de 90 milliards provenant d\u2019un pr\u00eat souverain de l\u2019Agence fran\u00e7aise de d\u00e9veloppement \u00e0 hauteur de 42 milliards et des fonds du Contrat d\u00e9sendettement-d\u00e9veloppement (C2D) issus de la dette bilat\u00e9ral \u00e0 hauteur de 39 milliards. D\u2019autres capitales r\u00e9gionales b\u00e9n\u00e9ficiaires du m\u00eame programme sont les villes de Bafoussam dans la r\u00e9gion de l\u2019Ouest et Garoua dans le Nord.<\/p>\n<p><strong>Martin Foula<\/strong><\/p>\n<p>Auteur: EcoMatin<br \/>\n<a href=\"https:\/\/ecomatin.net\/lafd-surveille-les-chantiers-des-projetss-c2d-a-bertoua\/\">Cliquez ici pour lire l&rsquo;article depuis sa source.<\/a><\/p>\n","protected":false},"excerpt":{"rendered":"<p>Entre mardi 4 et mercredi 5 mai 2021, une importante mission de l\u2019Agence fran\u00e7aise de d\u00e9veloppement (l\u2019AFD) a s\u00e9journ\u00e9 \u00e0 Bertoua, chef-lieu de la r\u00e9gion de l\u2019Est. Pendant son s\u00e9jour, la mission conduite par Nicolas Willemin, Directeur g\u00e9n\u00e9ral adjoint de l\u2019AFD a parcouru les diff\u00e9rents chantiers r\u00e9alis\u00e9s \u00e0 Bertoua dans le cadre du programme C2D [&hellip;]<\/p>\n","protected":false},"author":1969,"featured_media":0,"comment_status":"closed","ping_status":"closed","sticky":false,"template":"","format":"standard","meta":{"fifu_image_url":"","fifu_image_alt":"","footnotes":""},"categories":[82,78],"tags":[],"class_list":["post-116543","post","type-post","status-publish","format-standard","hentry","category-cameroun","category-economie"],"_links":{"self":[{"href":"https:\/\/linitiative.ca\/International\/wp-json\/wp\/v2\/posts\/116543","targetHints":{"allow":["GET"]}}],"collection":[{"href":"https:\/\/linitiative.ca\/International\/wp-json\/wp\/v2\/posts"}],"about":[{"href":"https:\/\/linitiative.ca\/International\/wp-json\/wp\/v2\/types\/post"}],"author":[{"embeddable":true,"href":"https:\/\/linitiative.ca\/International\/wp-json\/wp\/v2\/users\/1969"}],"replies":[{"embeddable":true,"href":"https:\/\/linitiative.ca\/International\/wp-json\/wp\/v2\/comments?post=116543"}],"version-history":[{"count":0,"href":"https:\/\/linitiative.ca\/International\/wp-json\/wp\/v2\/posts\/116543\/revisions"}],"wp:attachment":[{"href":"https:\/\/linitiative.ca\/International\/wp-json\/wp\/v2\/media?parent=116543"}],"wp:term":[{"taxonomy":"category","embeddable":true,"href":"https:\/\/linitiative.ca\/International\/wp-json\/wp\/v2\/categories?post=116543"},{"taxonomy":"post_tag","embeddable":true,"href":"https:\/\/linitiative.ca\/International\/wp-json\/wp\/v2\/tags?post=116543"}],"curies":[{"name":"wp","href":"https:\/\/api.w.org\/{rel}","templated":true}]}}