{"id":116545,"date":"2021-05-11T09:43:37","date_gmt":"2021-05-11T13:43:37","guid":{"rendered":"https:\/\/linitiative.ca\/International\/lagence-nationale-des-eaux-et-forets-au-menu-du-conseil-de-gouvernement-de-ce-ce-mercredi\/"},"modified":"2021-05-11T09:43:37","modified_gmt":"2021-05-11T13:43:37","slug":"lagence-nationale-des-eaux-et-forets-au-menu-du-conseil-de-gouvernement-de-ce-ce-mercredi","status":"publish","type":"post","link":"https:\/\/linitiative.ca\/International\/lagence-nationale-des-eaux-et-forets-au-menu-du-conseil-de-gouvernement-de-ce-ce-mercredi\/","title":{"rendered":"L\u2019Agence nationale des eaux et for\u00eats au menu du Conseil de gouvernement de ce ce mercredi"},"content":{"rendered":"<header>\n<\/header>\n<div class=\"entry-content clearfix\" readability=\"65\">\n<figure class=\"post-thumbnail\" itemprop=\"associatedMedia\" itemscope=\"itemscope\" itemtype=\"http:\/\/schema.org\/ImageObject\"><img decoding=\"async\" class=\"post_layout_5_img\" src=\"http:\/\/aujourdhui.ma\/wp-content\/uploads\/2020\/10\/Conseil-du-gouvernement-Saad-Eddine-El-Othmani.jpg\" alt=\"L\u2019Agence nationale des eaux et for\u00eats au menu du Conseil de gouvernement de ce ce mercredi\"\/><\/figure>\n<p><span class=\"c7\"><strong>Un Conseil de gouvernement se tiendra mercredi prochain, sous la pr\u00e9sidence du Chef du gouvernement Saad Dine El Otmani.<\/strong><\/span><br \/><span id=\"more-376173\"\/><\/p>\n<p>Au d\u00e9but de ses travaux, le Conseil examinera un projet de loi portant cr\u00e9ation de l\u2019Agence nationale des eaux et for\u00eats, a indiqu\u00e9 mardi le D\u00e9partement du chef du gouvernement dans un communiqu\u00e9.<\/p>\n<p>Le Conseil examinera, par la suite, huit projets de d\u00e9cret, les sept premiers fixant la date d\u2019\u00e9lection des membres des chambres d\u2019agriculture, chambres de commerce, d\u2019industrie et de services, chambres de l\u2019artisanat et des chambres des p\u00eaches maritimes, ainsi que des membres des communes et arrondissements, des conseils des r\u00e9gions, de la Chambre des repr\u00e9sentants, des conseils pr\u00e9fectoraux et provinciaux et de la Chambre des conseillers, a ajout\u00e9 la m\u00eame source.<\/p>\n<p>Le huiti\u00e8me projet de d\u00e9cret, quant \u00e0 lui, est relatif \u00e0 la fixation des indemnit\u00e9s et avantages vers\u00e9s aux magistrats hors grade, pr\u00e9cise le communiqu\u00e9.<br \/>Le Conseil ach\u00e8vera ses travaux par l\u2019examen de propositions de nomination \u00e0 de hautes fonctions, conform\u00e9ment aux dispositions de l\u2019article 92 de la Constitution.<\/p>\n<\/div>\n<p>Auteur: ALM<br \/>\n<a href=\"https:\/\/aujourdhui.ma\/actualite\/lagence-nationale-des-eaux-et-forets-au-menu-du-conseil-de-gouvernement-de-ce-ce-mercredi\">Cliquez ici pour lire l&rsquo;article depuis sa source.<\/a><\/p>\n","protected":false},"excerpt":{"rendered":"<p>Un Conseil de gouvernement se tiendra mercredi prochain, sous la pr\u00e9sidence du Chef du gouvernement Saad Dine El Otmani. Au d\u00e9but de ses travaux, le Conseil examinera un projet de loi portant cr\u00e9ation de l\u2019Agence nationale des eaux et for\u00eats, a indiqu\u00e9 mardi le D\u00e9partement du chef du gouvernement dans un communiqu\u00e9. Le Conseil examinera, [&hellip;]<\/p>\n","protected":false},"author":1759,"featured_media":0,"comment_status":"closed","ping_status":"closed","sticky":false,"template":"","format":"standard","meta":{"fifu_image_url":"http:\/\/aujourdhui.ma\/wp-content\/uploads\/2020\/10\/Conseil-du-gouvernement-Saad-Eddine-El-Othmani.jpg","fifu_image_alt":"L\u2019Agence nationale des eaux et for\u00eats au menu du Conseil de gouvernement de ce ce mercredi","footnotes":""},"categories":[73,54],"tags":[],"class_list":["post-116545","post","type-post","status-publish","format-standard","hentry","category-actualite","category-maroc"],"_links":{"self":[{"href":"https:\/\/linitiative.ca\/International\/wp-json\/wp\/v2\/posts\/116545","targetHints":{"allow":["GET"]}}],"collection":[{"href":"https:\/\/linitiative.ca\/International\/wp-json\/wp\/v2\/posts"}],"about":[{"href":"https:\/\/linitiative.ca\/International\/wp-json\/wp\/v2\/types\/post"}],"author":[{"embeddable":true,"href":"https:\/\/linitiative.ca\/International\/wp-json\/wp\/v2\/users\/1759"}],"replies":[{"embeddable":true,"href":"https:\/\/linitiative.ca\/International\/wp-json\/wp\/v2\/comments?post=116545"}],"version-history":[{"count":0,"href":"https:\/\/linitiative.ca\/International\/wp-json\/wp\/v2\/posts\/116545\/revisions"}],"wp:attachment":[{"href":"https:\/\/linitiative.ca\/International\/wp-json\/wp\/v2\/media?parent=116545"}],"wp:term":[{"taxonomy":"category","embeddable":true,"href":"https:\/\/linitiative.ca\/International\/wp-json\/wp\/v2\/categories?post=116545"},{"taxonomy":"post_tag","embeddable":true,"href":"https:\/\/linitiative.ca\/International\/wp-json\/wp\/v2\/tags?post=116545"}],"curies":[{"name":"wp","href":"https:\/\/api.w.org\/{rel}","templated":true}]}}