{"id":116546,"date":"2021-05-11T09:49:28","date_gmt":"2021-05-11T13:49:28","guid":{"rendered":"https:\/\/linitiative.ca\/International\/covid-19-les-mesures-preventives-continuent-de-porter-leurs-fruits\/"},"modified":"2021-05-11T09:49:28","modified_gmt":"2021-05-11T13:49:28","slug":"covid-19-les-mesures-preventives-continuent-de-porter-leurs-fruits","status":"publish","type":"post","link":"https:\/\/linitiative.ca\/International\/covid-19-les-mesures-preventives-continuent-de-porter-leurs-fruits\/","title":{"rendered":"Covid-19: Les mesures pr\u00e9ventives continuent de porter leurs fruits"},"content":{"rendered":"<figure class=\"post-thumbnail\" itemprop=\"associatedMedia\" itemscope=\"itemscope\" itemtype=\"http:\/\/schema.org\/ImageObject\"><img decoding=\"async\" class=\"post_layout_5_img\" src=\"http:\/\/aujourdhui.ma\/wp-content\/uploads\/2021\/03\/Abdelkrim-Meziane-Bellefquih.jpg\" alt=\"Covid-19: Les mesures pr\u00e9ventives continuent de porter leurs fruits\"\/><\/figure>\n<p><span class=\"c7\"><strong>Les mesures sanitaires mises en place pour lutter contre la propagation de la pand\u00e9mie de la Covid-19 continuent de porter leurs fruits sur la courbe \u00e9pid\u00e9miologique nationale, a indiqu\u00e9, mardi \u00e0 Rabat, le chef de la division des maladies transmissibles \u00e0 la direction de l\u2019\u00e9pid\u00e9miologie et de lutte contre les maladies au minist\u00e8re de la sant\u00e9, Abdelkrim Meziane Bellefquih.<\/strong><\/span><span id=\"more-376175\"\/><\/p>\n<p>Pr\u00e9sentant le bilan bimensuel de la situation \u00e9pid\u00e9miologique dans le Royaume, le responsable a mis en exergue la baisse significative des cas d\u2019infection \u00e0 la Covid-19 au Royaume (-19.5%) pour quatre semaines cons\u00e9cutives, soulignant que cette am\u00e9lioration n\u2019est que le fruit du respect des mesures sanitaires mises en place dans le Royaume, notamment pendant le mois sacr\u00e9 du Ramadan.<\/p>\n<p>Cette tendance baissi\u00e8re, poursuit le responsable, a concern\u00e9 neuf r\u00e9gions du Royaume, \u00e0 savoir Guelmim-Oued Noun (-50%), l\u2019Oriental (-43.3%), Rabat-Sal\u00e9-K\u00e9nitra (-33.7%), Dakhla-Oued Eddahab (-29%), Marrakech-Safi (-23,1%), Casablanca-Settat (-21.1%), B\u00e9ni Mellal-Kh\u00e9nifra (-18.2%), Draa-Tafilalet (-8,7%) et Tanger-T\u00e9touan-Al Hoceima (-6.7%).<\/p>\n<p>Cependant, une augmentation des cas positifs a \u00e9t\u00e9 observ\u00e9e en comparaison avec les deux derni\u00e8res semaines au niveau des r\u00e9gions de Souss-Massa (+23%), La\u00e2youne-Sakia El Hamra (+28.8%) et F\u00e8s-Mekn\u00e8s (+40%).<\/p>\n<p>En outre, les cas actifs sont pass\u00e9s de 5.109 cas il y a deux semaines \u00e0 3.878 jusqu\u2019\u00e0 lundi, soit une baisse de 31.7 %, a-t-il relev\u00e9, ajoutant que les indicateurs ont enregistr\u00e9 une r\u00e9gression pour la quatri\u00e8me semaine cons\u00e9cutive de 20% pour les cas critiques ou s\u00e9v\u00e8res admis aux unit\u00e9s de soins intensifs, passant ainsi de 349 cas \u00e0 279 cas.<\/p>\n<p>Pour cette m\u00eame p\u00e9riode, M. Meziane Bellefquih a indiqu\u00e9 que le taux de reproduction du virus a \u00e9galement connu une baisse significative en se stabilisant en fin de semaine \u00e0 0.90, pr\u00e9cisant que le Royaume aspire \u00e0 atteindre un taux de reproduction inf\u00e9rieur \u00e0 0.7.<\/p>\n<p>Le responsable a fait \u00e9tat de 513.922 cas positifs enregistr\u00e9s au Maroc jusqu\u2019au 10 mai, soit un taux d\u2019incidence de 1.413 par 100.000 habitants, faisant savoir que ces donn\u00e9es placent le Maroc \u00e0 la 39-\u00e8me position mondiale et 2-\u00e8me au niveau continental en termes de cas positifs.<\/p>\n<p>En outre, M. Bellefquih a indiqu\u00e9 que jusqu\u2019\u00e0 lundi, 9.077 d\u00e9c\u00e8s ont \u00e9t\u00e9 enregistr\u00e9s, soit un taux de l\u00e9talit\u00e9 de 1,8%, contre un taux mondial de 2,1%, soulignant que le taux de gu\u00e9rison s\u2019est stabilis\u00e9 \u00e0 97,5% avec 501.146 personnes r\u00e9tablies.<\/p>\n<p>Le responsable a \u00e9galement abord\u00e9 d\u2019autres points tels que la poursuite de la campagne nationale de vaccination au lendemain de la r\u00e9ception de doses suppl\u00e9mentaires du vaccin Sinopharm et l\u2019\u00e9largissement de la tranche d\u2019\u00e2ge de vaccination pour les 50-55 ans.<\/p>\n<p>Le minist\u00e8re de la Sant\u00e9 exhorte tous les citoyens \u00e0 continuer \u00e0 respecter les mesures restrictives, notamment pendant la p\u00e9riode d\u2019Aid El Fitr, \u00e0 poursuivre les efforts consentis et \u00e0 prendre toutes les dispositions n\u00e9cessaires, afin d\u2019endiguer la propagation de la pand\u00e9mie dans notre pays.<\/p>\n<p>Auteur: ALM<br \/>\n<a href=\"https:\/\/aujourdhui.ma\/societe\/covid-19-les-mesures-preventives-continuent-de-porter-leurs-fruits\">Cliquez ici pour lire l&rsquo;article depuis sa source.<\/a><\/p>\n","protected":false},"excerpt":{"rendered":"<p>Les mesures sanitaires mises en place pour lutter contre la propagation de la pand\u00e9mie de la Covid-19 continuent de porter leurs fruits sur la courbe \u00e9pid\u00e9miologique nationale, a indiqu\u00e9, mardi \u00e0 Rabat, le chef de la division des maladies transmissibles \u00e0 la direction de l\u2019\u00e9pid\u00e9miologie et de lutte contre les maladies au minist\u00e8re de la [&hellip;]<\/p>\n","protected":false},"author":1759,"featured_media":0,"comment_status":"closed","ping_status":"closed","sticky":false,"template":"","format":"standard","meta":{"fifu_image_url":"http:\/\/aujourdhui.ma\/wp-content\/uploads\/2021\/03\/Abdelkrim-Meziane-Bellefquih.jpg","fifu_image_alt":"Covid-19: Les mesures pr\u00e9ventives continuent de porter leurs fruits","footnotes":""},"categories":[73,54],"tags":[],"class_list":["post-116546","post","type-post","status-publish","format-standard","hentry","category-actualite","category-maroc"],"_links":{"self":[{"href":"https:\/\/linitiative.ca\/International\/wp-json\/wp\/v2\/posts\/116546","targetHints":{"allow":["GET"]}}],"collection":[{"href":"https:\/\/linitiative.ca\/International\/wp-json\/wp\/v2\/posts"}],"about":[{"href":"https:\/\/linitiative.ca\/International\/wp-json\/wp\/v2\/types\/post"}],"author":[{"embeddable":true,"href":"https:\/\/linitiative.ca\/International\/wp-json\/wp\/v2\/users\/1759"}],"replies":[{"embeddable":true,"href":"https:\/\/linitiative.ca\/International\/wp-json\/wp\/v2\/comments?post=116546"}],"version-history":[{"count":0,"href":"https:\/\/linitiative.ca\/International\/wp-json\/wp\/v2\/posts\/116546\/revisions"}],"wp:attachment":[{"href":"https:\/\/linitiative.ca\/International\/wp-json\/wp\/v2\/media?parent=116546"}],"wp:term":[{"taxonomy":"category","embeddable":true,"href":"https:\/\/linitiative.ca\/International\/wp-json\/wp\/v2\/categories?post=116546"},{"taxonomy":"post_tag","embeddable":true,"href":"https:\/\/linitiative.ca\/International\/wp-json\/wp\/v2\/tags?post=116546"}],"curies":[{"name":"wp","href":"https:\/\/api.w.org\/{rel}","templated":true}]}}