{"id":116548,"date":"2021-05-11T11:06:59","date_gmt":"2021-05-11T15:06:59","guid":{"rendered":"https:\/\/linitiative.ca\/International\/la-digitalisation-apprivoisee-au-service-de-lhumain-et-de-la-performance-durable-de-veronique-zardet-henri-savall\/"},"modified":"2021-05-11T11:06:59","modified_gmt":"2021-05-11T15:06:59","slug":"la-digitalisation-apprivoisee-au-service-de-lhumain-et-de-la-performance-durable-de-veronique-zardet-henri-savall","status":"publish","type":"post","link":"https:\/\/linitiative.ca\/International\/la-digitalisation-apprivoisee-au-service-de-lhumain-et-de-la-performance-durable-de-veronique-zardet-henri-savall\/","title":{"rendered":"La digitalisation apprivois\u00e9e :  au service de l\u2019humain et de  la performance durable, de V\u00e9ronique Zardet &amp; Henri Savall"},"content":{"rendered":"<header>\n<div class=\"entry-post-meta\">\n<div class=\"author-link\">Publi\u00e9 par <a itemprop=\"author\" itemscope=\"itemscope\" itemtype=\"https:\/\/schema.org\/Person\" href=\"https:\/\/aujourdhui.ma\/author\/blio\" rel=\"author\"><span itemprop=\"name\">ALM<\/span><\/a><\/div>\n<p>Date\u00a0:<time content=\"2021-05-11T15:06:59+00:00\" class=\"entry-date updated\" datetime=\"2021-05-11T15:06:59+00:00\">mai 11, 2021<\/time><\/p>\n<div class=\"entry-cat\">dans:<a href=\"https:\/\/aujourdhui.ma\/category\/culture\/livre\" rel=\"category tag\">Livre<\/a><\/div>\n<p>6Vues<\/p>\n<\/div>\n<\/header>\n<div class=\"entry-content clearfix\" readability=\"48\">\n<figure class=\"post-thumbnail\" itemprop=\"associatedMedia\" itemscope=\"itemscope\" itemtype=\"http:\/\/schema.org\/ImageObject\"><img decoding=\"async\" class=\"post_layout_5_img\" src=\"http:\/\/aujourdhui.ma\/wp-content\/uploads\/2021\/05\/La-digitalisation-apprivoisee-au-service-de-lhumain-et-de-la-performance-durable-de-Veronique-Zardet-Henri-Savall.jpg\" alt=\"La digitalisation apprivois\u00e9e : au service de l\u2019humain et de la performance durable, de V\u00e9ronique Zardet &amp; Henri Savall\"\/><\/figure>\n<p><span class=\"c7\"><strong>Cet ouvrage permet de soulever les nombreuses questions sur l\u2019impact du digital dans les entreprises qui prouve que l\u2019humain est au c\u0153ur de cette transformation.<\/strong><\/span><span id=\"more-376132\"\/><\/p>\n<p>Le digital remet en cause les comp\u00e9tences de chacun et l\u2019organisation de tous. Le r\u00f4le du manager et de l\u2019\u00e9quipe dirigeante est essentiel pour accompagner cette \u00e9volution. L\u2019ouvrage met aussi en \u00e9vidence, par de nombreux t\u00e9moignages internationaux de dirigeants, cadres d\u2019entreprises industrielles, tertiaires et d\u2019organisations de service public, l\u2019efficacit\u00e9 et l\u2019efficience du management socio-\u00e9conomique, implant\u00e9 avec succ\u00e8s depuis plus de 42 ans. Henri Savall, pr\u00e9sident-fondateur de l\u2019ISEOR et V\u00e9ronique Zardet, DG, ont re\u00e7u la prestigieuse m\u00e9daille du Prix Rossi de l\u2019Acad\u00e9mie des sciences morales et politiques (Institut de France) pour \u00abl\u2019int\u00e9gration des variables sociales dans les strat\u00e9gies d\u2019entreprises\u00bb.<\/p>\n<p>Ed. EMS; 1\u00e9re \u00e9dition<br \/>(3 janvier 2019)<\/p>\n<\/div>\n<p>Auteur: ALM<br \/>\n<a href=\"https:\/\/aujourdhui.ma\/culture\/livre\/la-digitalisation-apprivoisee-au-service-de-lhumain-et-de-la-performance-durable-de-veronique-zardet-henri-savall\">Cliquez ici pour lire l&rsquo;article depuis sa source.<\/a><\/p>\n","protected":false},"excerpt":{"rendered":"<p>Publi\u00e9 par ALM Date\u00a0:mai 11, 2021 dans:Livre 6Vues Cet ouvrage permet de soulever les nombreuses questions sur l\u2019impact du digital dans les entreprises qui prouve que l\u2019humain est au c\u0153ur de cette transformation. Le digital remet en cause les comp\u00e9tences de chacun et l\u2019organisation de tous. Le r\u00f4le du manager et de l\u2019\u00e9quipe dirigeante est [&hellip;]<\/p>\n","protected":false},"author":1759,"featured_media":0,"comment_status":"closed","ping_status":"closed","sticky":false,"template":"","format":"standard","meta":{"fifu_image_url":"http:\/\/aujourdhui.ma\/wp-content\/uploads\/2021\/05\/La-digitalisation-apprivoisee-au-service-de-lhumain-et-de-la-performance-durable-de-Veronique-Zardet-Henri-Savall.jpg","fifu_image_alt":"<div>La digitalisation apprivois\u00e9e :  au service de l\u2019humain et de  la performance durable, de V\u00e9ronique Zardet & Henri Savall<\/div>","footnotes":""},"categories":[73,54],"tags":[],"class_list":["post-116548","post","type-post","status-publish","format-standard","hentry","category-actualite","category-maroc"],"_links":{"self":[{"href":"https:\/\/linitiative.ca\/International\/wp-json\/wp\/v2\/posts\/116548","targetHints":{"allow":["GET"]}}],"collection":[{"href":"https:\/\/linitiative.ca\/International\/wp-json\/wp\/v2\/posts"}],"about":[{"href":"https:\/\/linitiative.ca\/International\/wp-json\/wp\/v2\/types\/post"}],"author":[{"embeddable":true,"href":"https:\/\/linitiative.ca\/International\/wp-json\/wp\/v2\/users\/1759"}],"replies":[{"embeddable":true,"href":"https:\/\/linitiative.ca\/International\/wp-json\/wp\/v2\/comments?post=116548"}],"version-history":[{"count":0,"href":"https:\/\/linitiative.ca\/International\/wp-json\/wp\/v2\/posts\/116548\/revisions"}],"wp:attachment":[{"href":"https:\/\/linitiative.ca\/International\/wp-json\/wp\/v2\/media?parent=116548"}],"wp:term":[{"taxonomy":"category","embeddable":true,"href":"https:\/\/linitiative.ca\/International\/wp-json\/wp\/v2\/categories?post=116548"},{"taxonomy":"post_tag","embeddable":true,"href":"https:\/\/linitiative.ca\/International\/wp-json\/wp\/v2\/tags?post=116548"}],"curies":[{"name":"wp","href":"https:\/\/api.w.org\/{rel}","templated":true}]}}