{"id":116551,"date":"2021-05-10T14:00:00","date_gmt":"2021-05-10T18:00:00","guid":{"rendered":"https:\/\/linitiative.ca\/International\/sept-individus-interpelles-oujda\/"},"modified":"2021-05-10T14:00:00","modified_gmt":"2021-05-10T18:00:00","slug":"sept-individus-interpelles-oujda","status":"publish","type":"post","link":"https:\/\/linitiative.ca\/International\/sept-individus-interpelles-oujda\/","title":{"rendered":"Sept individus interpell\u00e9s Oujda"},"content":{"rendered":"<p class=\"has-text-align-center has-vivid-cyan-blue-color has-text-color\"><strong>Contrefa\u00e7on et emballage de denr\u00e9es alimentaires p\u00e9rim\u00e9es<\/strong><\/p>\n<p><strong>Les \u00e9l\u00e9ments du service pr\u00e9fectoral de la police judiciaire d\u2019Oujda ont interpell\u00e9, samedi, sept (7) individus pour leurs liens pr\u00e9sum\u00e9s avec un r\u00e9seau criminel actif dans la contrefa\u00e7on de marques commerciales et leur utilisation dans l\u2019emballage des denr\u00e9es alimentaires p\u00e9rim\u00e9es et leur stockage dans des conditions susceptibles de nuire \u00e0 la sant\u00e9 publique.<\/strong><\/p>\n<p>Men\u00e9e sur la base de renseignements pr\u00e9cis fournis par les services de la Direction g\u00e9n\u00e9rale de la surveillance du territoire, l\u2019op\u00e9ration a \u00e9t\u00e9 r\u00e9alis\u00e9e simultan\u00e9ment \u00e0 l\u2019int\u00e9rieur de cinq entrep\u00f4ts de stockage des denr\u00e9es alimentaires et d\u2019une imprimerie \u00e0 Oujda, indique un communiqu\u00e9 de la Direction g\u00e9n\u00e9rale de la s\u00fbret\u00e9 nationale (DGSN), ajoutant que les op\u00e9rations de perquistion ont permis la d\u00e9couverte de grandes quantit\u00e9s de produits alimentaires et de consommation dont la date de p\u00e9remption est d\u00e9pass\u00e9e.\u00a0<\/p>\n<p>Ces produits ont \u00e9t\u00e9 emball\u00e9s avec de nouvelles dates en recourant \u00e0 de fausses marques commerciales, et ce avant leur stockage dans des conditions qui ne respectent gu\u00e8re les normes de la sant\u00e9 et de la s\u00e9curit\u00e9 tel que l\u2019exige l\u2019entretien de ce genre d\u2019aliments, pr\u00e9cise la m\u00eame source.<\/p>\n<p>Les perquisitions de ces entrep\u00f4ts et locaux commerciaux ont conduit \u00e0 la saisie, notamment d\u2019un ordinateur, d\u2019un ensemble d\u2019autocollants de marques commerciales contrefaits r\u00e9alis\u00e9s dans l\u2019imprimerie, de mat\u00e9riel d\u2019emballage, et d\u2019un montant de 29 millions de centimes soup\u00e7onn\u00e9s de provenir de cette activit\u00e9 criminelle.<\/p>\n<p>Les mis en cause, \u00e2g\u00e9s entre 27 et 48 ans, ont \u00e9t\u00e9 soumis \u00e0 une enqu\u00eate judiciaire men\u00e9e sous la supervision du parquet comp\u00e9tent afin de d\u00e9m\u00ealer l\u2019\u00e9cheveau de cette affaire et d\u2019identifier les ramifications \u00e9ventuelles de cette activit\u00e9 criminelle au niveau national, conclut la DGSN.<\/p>\n<p>Auteur: M&rsquo;hammed rahal<br \/>\n<a href=\"http:\/\/albayane.press.ma\/sept-individus-interpelles-oujda.html\">Cliquez ici pour lire l&rsquo;article depuis sa source.<\/a><\/p>\n","protected":false},"excerpt":{"rendered":"<p>Contrefa\u00e7on et emballage de denr\u00e9es alimentaires p\u00e9rim\u00e9es Les \u00e9l\u00e9ments du service pr\u00e9fectoral de la police judiciaire d\u2019Oujda ont interpell\u00e9, samedi, sept (7) individus pour leurs liens pr\u00e9sum\u00e9s avec un r\u00e9seau criminel actif dans la contrefa\u00e7on de marques commerciales et leur utilisation dans l\u2019emballage des denr\u00e9es alimentaires p\u00e9rim\u00e9es et leur stockage dans des conditions susceptibles de [&hellip;]<\/p>\n","protected":false},"author":1760,"featured_media":0,"comment_status":"closed","ping_status":"closed","sticky":false,"template":"","format":"standard","meta":{"fifu_image_url":"","fifu_image_alt":"","footnotes":""},"categories":[73,54],"tags":[],"class_list":["post-116551","post","type-post","status-publish","format-standard","hentry","category-actualite","category-maroc"],"_links":{"self":[{"href":"https:\/\/linitiative.ca\/International\/wp-json\/wp\/v2\/posts\/116551","targetHints":{"allow":["GET"]}}],"collection":[{"href":"https:\/\/linitiative.ca\/International\/wp-json\/wp\/v2\/posts"}],"about":[{"href":"https:\/\/linitiative.ca\/International\/wp-json\/wp\/v2\/types\/post"}],"author":[{"embeddable":true,"href":"https:\/\/linitiative.ca\/International\/wp-json\/wp\/v2\/users\/1760"}],"replies":[{"embeddable":true,"href":"https:\/\/linitiative.ca\/International\/wp-json\/wp\/v2\/comments?post=116551"}],"version-history":[{"count":0,"href":"https:\/\/linitiative.ca\/International\/wp-json\/wp\/v2\/posts\/116551\/revisions"}],"wp:attachment":[{"href":"https:\/\/linitiative.ca\/International\/wp-json\/wp\/v2\/media?parent=116551"}],"wp:term":[{"taxonomy":"category","embeddable":true,"href":"https:\/\/linitiative.ca\/International\/wp-json\/wp\/v2\/categories?post=116551"},{"taxonomy":"post_tag","embeddable":true,"href":"https:\/\/linitiative.ca\/International\/wp-json\/wp\/v2\/tags?post=116551"}],"curies":[{"name":"wp","href":"https:\/\/api.w.org\/{rel}","templated":true}]}}