{"id":116552,"date":"2021-05-10T14:00:00","date_gmt":"2021-05-10T18:00:00","guid":{"rendered":"https:\/\/linitiative.ca\/International\/bourita-sentretient-avec-son-homologue-congolais\/"},"modified":"2021-05-10T14:00:00","modified_gmt":"2021-05-10T18:00:00","slug":"bourita-sentretient-avec-son-homologue-congolais","status":"publish","type":"post","link":"https:\/\/linitiative.ca\/International\/bourita-sentretient-avec-son-homologue-congolais\/","title":{"rendered":"Bourita s\u2019entretient avec son homologue congolais"},"content":{"rendered":"<p><strong>Le ministre des Affaires \u00e9trang\u00e8res, de la Coop\u00e9ration africaine et des Marocains r\u00e9sidant \u00e0 l\u2019\u00e9tranger, M. Nasser Bourita, s\u2019est entretenu, lundi par visioconf\u00e9rence, avec le ministre des Affaires \u00e9trang\u00e8res, de la Coop\u00e9ration et des Congolais de l\u2019\u00e9tranger de la R\u00e9publique du Congo, M. Jean-Claude Gakosso.<\/strong><\/p>\n<p>Les deux ministres se sont f\u00e9licit\u00e9s de l\u2019excellence des liens profonds d\u2019amiti\u00e9 et de solidarit\u00e9 qu\u2019entretiennent les deux pays, sous la conduite de Sa Majest\u00e9 le Roi Mohammed VI et de Son Fr\u00e8re Son Excellence le Pr\u00e9sident Denis Sassou N\u2019guesso, rappelant que ces relations bilat\u00e9rales ont connu une nouvelle impulsion suite aux visites d\u2019amiti\u00e9 et de travail effectu\u00e9es par Sa Majest\u00e9 le Roi en R\u00e9publique du Congo en f\u00e9vrier 2006 et en avril 2018, indique un communiqu\u00e9 du minist\u00e8re des Affaires \u00e9trang\u00e8res, de la Coop\u00e9ration africaine et des Marocains r\u00e9sidant \u00e0 l\u2019\u00e9tranger.<\/p>\n<p>Ces visites ont notamment conduit \u00e0 la signature de plusieurs accords dans diff\u00e9rents domaines (sant\u00e9, agriculture, p\u00eache maritime, \u00e9nergie, tourisme\u2026etc.) et au lancement des travaux de construction d\u2019un point de d\u00e9barquement am\u00e9nag\u00e9 au port de p\u00eache de Yoro \u00e0 Brazzaville, pr\u00e9cise la m\u00eame source. En mati\u00e8re de coop\u00e9ration \u00e9conomique, les deux ministres ont soulign\u00e9 le r\u00f4le important jou\u00e9 par le secteur priv\u00e9 dans la dynamisation des relations de partenariat entre les deux pays, souligne le communiqu\u00e9, notant qu\u2019\u00e0 cet effet, ils ont convenu de l\u2019organisation d\u2019un Forum \u00e9conomique Maroc-Congo et de la mise en place d\u2019un Conseil d\u2019Affaires afin de renforcer davantage les \u00e9changes \u00e9conomiques et commerciaux entre le Maroc et le Congo.<\/p>\n<p>Les deux parties se sont \u00e9galement f\u00e9licit\u00e9es de l\u2019engagement solidaire du Maroc \u00e0 l\u2019\u00e9gard du Congo qui s\u2019est manifest\u00e9 par l\u2019octroi d\u2019un Don Royal en mat\u00e9riel m\u00e9dical pr\u00e9ventif contre la pand\u00e9mie du COVID-19, en juin 2020, et le soutien de l\u2019initiative r\u00e9gionale du Pr\u00e9sident congolais \u00ab\u00a0Fonds Bleu pour le Bassin du Congo\u00a0\u00bb.<\/p>\n<p>Se r\u00e9jouissant de la parfaite concordance des points de vue des deux pays sur les diff\u00e9rentes questions r\u00e9gionales et internationales d\u2019int\u00e9r\u00eat commun, les deux parties ont \u00e9galement mis en exergue la priorit\u00e9 et l\u2019int\u00e9r\u00eat port\u00e9s par les deux pays au d\u00e9veloppement des relations de concertation politique, ayant pour fondement le respect et la d\u00e9fense de la souverainet\u00e9 et de l\u2019unit\u00e9 des \u00c9tats africains.<\/p>\n<p>Concernant la question du Sahara marocain, la partie marocaine a salu\u00e9 la position favorable adopt\u00e9e par le Congo sur ce dossier qui s\u2019est traduite par son appui aux efforts d\u00e9ploy\u00e9s par le Royaume du Maroc en vue de parvenir \u00e0 une solution politique n\u00e9goci\u00e9e \u00e0 ce diff\u00e9rend r\u00e9gional, rel\u00e8ve le communiqu\u00e9, ajoutant que M. Jean-Claude Gakosso a r\u00e9affirm\u00e9 le caract\u00e8re s\u00e9rieux et cr\u00e9dible de l\u2019Initiative marocaine d\u2019autonomie devant mener \u00e0 un r\u00e8glement d\u00e9finitif de cette question, sous l\u2019\u00e9gide de l\u2019Organisation des Nations Unies (ONU), tel qu\u2019ent\u00e9rin\u00e9 par la d\u00e9cision 693 adopt\u00e9e par le Sommet de l\u2019Union Africaine (UA) \u00e0 Nouakchott en 2018.<\/p>\n<p>Au sujet de la Libye, les deux ministres ont appr\u00e9ci\u00e9 favorablement les efforts d\u00e9j\u00e0 entrepris par le nouvel ex\u00e9cutif dans la voie d\u2019un r\u00e8glement politique de la situation dans ce pays, soulignant le r\u00f4le important de l\u2019UA dans la recherche d\u2019une solution en Libye, \u00e0 travers le Comit\u00e9 de Haut Niveau sur la Libye que pr\u00e9side le Pr\u00e9sident Denis Sassou N\u2019guesso.<\/p>\n<p>Ils ont \u00e9galement salu\u00e9 l\u2019engagement permanent du Maroc \u00e0 soutenir les parties libyennes pour la r\u00e9solution de la crise en Libye, conform\u00e9ment aux Hautes Instructions et Orientations de Sa Majest\u00e9 le Roi Mohammed VI et ce, dans l\u2019int\u00e9r\u00eat de ce pays fr\u00e8re et pour la stabilit\u00e9 de toute la r\u00e9gion de l\u2019Afrique du Nord ainsi que la r\u00e9alisation de l\u2019int\u00e9gration \u00e9conomique au Maghreb Arabe, poursuit la m\u00eame source.<\/p>\n<p>Les deux ministres ont \u00e9galement insist\u00e9 sur l\u2019importance de renforcer la communication et la coordination dans les diff\u00e9rentes plateformes multilat\u00e9rales, UA et ONU notamment, afin de rendre plus homog\u00e8nes les actions diplomatiques entreprises au niveau de ces instances avec les positions officielles adopt\u00e9es par les deux pays sur les diff\u00e9rentes questions d\u2019int\u00e9r\u00eat commun.<\/p>\n<p>Dans le m\u00eame esprit, les deux parties se sont engag\u00e9es \u00e0 appuyer, de mani\u00e8re concert\u00e9e et mutuelle, les candidatures marocaines et congolaises au niveau des instances r\u00e9gionales et internationales, conclut le communiqu\u00e9.<\/p>\n<p>Auteur: M&rsquo;hammed rahal<br \/>\n<a href=\"http:\/\/albayane.press.ma\/bourita-sentretient-avec-son-homologue-congolais.html\">Cliquez ici pour lire l&rsquo;article depuis sa source.<\/a><\/p>\n","protected":false},"excerpt":{"rendered":"<p>Le ministre des Affaires \u00e9trang\u00e8res, de la Coop\u00e9ration africaine et des Marocains r\u00e9sidant \u00e0 l\u2019\u00e9tranger, M. Nasser Bourita, s\u2019est entretenu, lundi par visioconf\u00e9rence, avec le ministre des Affaires \u00e9trang\u00e8res, de la Coop\u00e9ration et des Congolais de l\u2019\u00e9tranger de la R\u00e9publique du Congo, M. Jean-Claude Gakosso. Les deux ministres se sont f\u00e9licit\u00e9s de l\u2019excellence des liens [&hellip;]<\/p>\n","protected":false},"author":1760,"featured_media":0,"comment_status":"closed","ping_status":"closed","sticky":false,"template":"","format":"standard","meta":{"fifu_image_url":"","fifu_image_alt":"","footnotes":""},"categories":[73,54],"tags":[],"class_list":["post-116552","post","type-post","status-publish","format-standard","hentry","category-actualite","category-maroc"],"_links":{"self":[{"href":"https:\/\/linitiative.ca\/International\/wp-json\/wp\/v2\/posts\/116552","targetHints":{"allow":["GET"]}}],"collection":[{"href":"https:\/\/linitiative.ca\/International\/wp-json\/wp\/v2\/posts"}],"about":[{"href":"https:\/\/linitiative.ca\/International\/wp-json\/wp\/v2\/types\/post"}],"author":[{"embeddable":true,"href":"https:\/\/linitiative.ca\/International\/wp-json\/wp\/v2\/users\/1760"}],"replies":[{"embeddable":true,"href":"https:\/\/linitiative.ca\/International\/wp-json\/wp\/v2\/comments?post=116552"}],"version-history":[{"count":0,"href":"https:\/\/linitiative.ca\/International\/wp-json\/wp\/v2\/posts\/116552\/revisions"}],"wp:attachment":[{"href":"https:\/\/linitiative.ca\/International\/wp-json\/wp\/v2\/media?parent=116552"}],"wp:term":[{"taxonomy":"category","embeddable":true,"href":"https:\/\/linitiative.ca\/International\/wp-json\/wp\/v2\/categories?post=116552"},{"taxonomy":"post_tag","embeddable":true,"href":"https:\/\/linitiative.ca\/International\/wp-json\/wp\/v2\/tags?post=116552"}],"curies":[{"name":"wp","href":"https:\/\/api.w.org\/{rel}","templated":true}]}}