{"id":116554,"date":"2021-05-10T14:00:00","date_gmt":"2021-05-10T18:00:00","guid":{"rendered":"https:\/\/linitiative.ca\/International\/le-maroc-denonce-les-violences-israeliennes-a-al-qods\/"},"modified":"2021-05-10T14:00:00","modified_gmt":"2021-05-10T18:00:00","slug":"le-maroc-denonce-les-violences-israeliennes-a-al-qods","status":"publish","type":"post","link":"https:\/\/linitiative.ca\/International\/le-maroc-denonce-les-violences-israeliennes-a-al-qods\/","title":{"rendered":"Le Maroc d\u00e9nonce les violences isra\u00e9liennes \u00e0 Al-Qods"},"content":{"rendered":"<p class=\"has-text-align-center has-vivid-green-cyan-color has-text-color\"><strong>L\u2019OCI et la Ligue arabe en r\u00e9unions d\u2019urgence<\/strong><\/p>\n<p><strong>L\u2019Organisation de la coop\u00e9ration islamique a tiendra ce mardi une r\u00e9union d\u2019urgence au niveau des d\u00e9l\u00e9gu\u00e9s permanents, \u00e0 la demande de la Palestine, pour discuter de l\u2019escalade des agressions\u00a0 isra\u00e9liennes sur Al-Qods-Est et les violations continues contre les lieux Saints de l\u2019Islam.<\/strong><\/p>\n<p>Pour sa part, le Secr\u00e9tariat g\u00e9n\u00e9ral de la Ligue des Etats arabes a annonc\u00e9, dimanche, la tenue d\u2019une session d\u2019urgence du Conseil de la Ligue des \u00c9tats arabes au niveau des ministres des Affaires \u00e9trang\u00e8res ce mardi, \u00e0 la demande de l\u2019\u00c9tat de Palestine.<\/p>\n<p>Le Maroc dont le Souverain pr\u00e9side le Comit\u00e9 Al Qods, consid\u00e8re ces violations comme un acte inadmissible et susceptible d\u2019attiser les tensions. Le Royaume consid\u00e8re que les mesures unilat\u00e9rales ne sont gu\u00e8re la solution, de m\u00eame qu\u2019il appelle \u00e0 favoriser le dialogue et le respect des droits \u00bb, a indiqu\u00e9 le minist\u00e8re de AE dans un communiqu\u00e9.<\/p>\n<p>Auteur: M&rsquo;hammed rahal<br \/>\n<a href=\"http:\/\/albayane.press.ma\/le-maroc-denonce-les-violences-israeliennes-a-al-qods.html\">Cliquez ici pour lire l&rsquo;article depuis sa source.<\/a><\/p>\n","protected":false},"excerpt":{"rendered":"<p>L\u2019OCI et la Ligue arabe en r\u00e9unions d\u2019urgence L\u2019Organisation de la coop\u00e9ration islamique a tiendra ce mardi une r\u00e9union d\u2019urgence au niveau des d\u00e9l\u00e9gu\u00e9s permanents, \u00e0 la demande de la Palestine, pour discuter de l\u2019escalade des agressions\u00a0 isra\u00e9liennes sur Al-Qods-Est et les violations continues contre les lieux Saints de l\u2019Islam. Pour sa part, le Secr\u00e9tariat [&hellip;]<\/p>\n","protected":false},"author":1760,"featured_media":0,"comment_status":"closed","ping_status":"closed","sticky":false,"template":"","format":"standard","meta":{"fifu_image_url":"","fifu_image_alt":"","footnotes":""},"categories":[73,54],"tags":[],"class_list":["post-116554","post","type-post","status-publish","format-standard","hentry","category-actualite","category-maroc"],"_links":{"self":[{"href":"https:\/\/linitiative.ca\/International\/wp-json\/wp\/v2\/posts\/116554","targetHints":{"allow":["GET"]}}],"collection":[{"href":"https:\/\/linitiative.ca\/International\/wp-json\/wp\/v2\/posts"}],"about":[{"href":"https:\/\/linitiative.ca\/International\/wp-json\/wp\/v2\/types\/post"}],"author":[{"embeddable":true,"href":"https:\/\/linitiative.ca\/International\/wp-json\/wp\/v2\/users\/1760"}],"replies":[{"embeddable":true,"href":"https:\/\/linitiative.ca\/International\/wp-json\/wp\/v2\/comments?post=116554"}],"version-history":[{"count":0,"href":"https:\/\/linitiative.ca\/International\/wp-json\/wp\/v2\/posts\/116554\/revisions"}],"wp:attachment":[{"href":"https:\/\/linitiative.ca\/International\/wp-json\/wp\/v2\/media?parent=116554"}],"wp:term":[{"taxonomy":"category","embeddable":true,"href":"https:\/\/linitiative.ca\/International\/wp-json\/wp\/v2\/categories?post=116554"},{"taxonomy":"post_tag","embeddable":true,"href":"https:\/\/linitiative.ca\/International\/wp-json\/wp\/v2\/tags?post=116554"}],"curies":[{"name":"wp","href":"https:\/\/api.w.org\/{rel}","templated":true}]}}