{"id":116555,"date":"2021-05-11T03:03:41","date_gmt":"2021-05-11T07:03:41","guid":{"rendered":"https:\/\/linitiative.ca\/International\/3eme-edition-du-concours-tunisien-des-produits-du-terroir\/"},"modified":"2021-05-11T03:03:41","modified_gmt":"2021-05-11T07:03:41","slug":"3eme-edition-du-concours-tunisien-des-produits-du-terroir","status":"publish","type":"post","link":"https:\/\/linitiative.ca\/International\/3eme-edition-du-concours-tunisien-des-produits-du-terroir\/","title":{"rendered":"3\u00e8me \u00e9dition du concours tunisien des produits du terroir"},"content":{"rendered":"<p><strong>L\u2019\u00e2ge de maturit\u00e9<\/strong><br \/>Fid\u00e8le \u00e0 une tradition d\u00e9sormais bien ancr\u00e9e et couronn\u00e9e d\u2019un immense succ\u00e8s lors des deux premi\u00e8res \u00e9ditions, les organisateurs du Concours tunisien des produits du terroir ont d\u2019ores et d\u00e9j\u00e0 entam\u00e9 les pr\u00e9paratifs du 3\u00e9me round de cet \u00e9v\u00e8nement d\u2019envergure.<\/p>\n<p>Une \u00e9dition riche en nouveaut\u00e9s aussi bien au niveau de l\u2019organisation qu\u2019au niveau du financement avec, notamment, une digitalisation remarquable de plusieurs activit\u00e9s comme l\u2019a confirm\u00e9 Abdelmoumen Toukabri, Directeur de partenariat \u00e0 l\u2019APIA : \u00ab Contrairement \u00e0 d\u2019autres projets soutenus par des fonds \u00e9trangers, le Concours tunisien des produits du terroir est d\u00e9sormais financ\u00e9 par le budget de l\u2019\u00e9tat. En tant qu\u2019organisme charg\u00e9 de la promotion de l\u2019investissement direct, mat\u00e9riel et immat\u00e9riel, l\u2019APIA veille \u00e9galement \u00e0 l\u2019am\u00e9lioration de la qualit\u00e9 de la production, afin de renforcer le positionnement des produits tunisiens sur le march\u00e9 local et \u00e0 l\u2019exportation \u00bb.<\/p>\n<p><strong>Une exp\u00e9rience imit\u00e9e et admir\u00e9e<\/strong><br \/>Ce Concours, organis\u00e9 par l\u2019Agence de Promotion des Investissements Agricoles (APIA) sous l\u2019\u00e9gide du Minist\u00e8re de l\u2019Agriculture, en collaboration avec le Minist\u00e8re de l\u2019Industrie, le Minist\u00e8re du Tourisme et de l\u2019Artisanat, et avec l\u2019appui du Projet d\u2019Acc\u00e8s aux March\u00e9s des Produits Agroalimentaires et de Terroir (PAMPAT) mis en \u0153uvre par l\u2019Organisation des Nations Unies pour le D\u00e9veloppement Industriel et financ\u00e9 par le Secr\u00e9tariat d\u2019Etat \u00e0 l\u2019Economie Suisse (SECO), a \u00e9galement pris une nouvelle dimension.<\/p>\n<p>En effet, Inspir\u00e9 \u00e0 l\u2019origine de la m\u00e9thodologie du Concours suisse des produits du terroir, l\u2019\u00e9v\u00e9nement tunisien s\u2019est forg\u00e9 sa propre identit\u00e9 au cours des ann\u00e9es. \u00c0 ce titre : \u00ab L\u2019APIA a lanc\u00e9 une s\u00e9rie de Journ\u00e9es d\u2019information r\u00e9gionales, \u00e0 Tabarka (25 mars), Monastir (1 avril) et Gab\u00e8s (8 avril), en vue d\u2019impliquer toutes les parties concern\u00e9es par le Concours Tunisien des Produits de Terroir et d\u2019\u00eatre \u00e0 l\u2019\u00e9coute des avis par rapport aux nouvelles mesures sugg\u00e9r\u00e9es. Les producteurs individuels de produits du terroir, les agriculteurs, les SMSA, les GDA, les entreprises de transformation et m\u00eame les op\u00e9rateurs agrotouristiques actifs dans la production des produits de terroir sont en train d\u2019\u00eatre consult\u00e9s \u00bb a pr\u00e9cis\u00e9 Abdelmoumen Toukabri.<\/p>\n<p>Parmi les nouveaut\u00e9s introduites, le responsable de l\u2019APIA cite, notamment l\u2019introduction d\u2019un nouveau logiciel pour la gestion enti\u00e8rement en ligne du Concours qui permettra de garantir une tra\u00e7abilit\u00e9 encore plus large. A noter que l\u2019ouverture des inscriptions sera annonc\u00e9e lors d\u2019une conf\u00e9rence de presse qui aura lieu le 20 mai prochain, alors que la date de cl\u00f4ture des inscriptions est pr\u00e9vue pour le 20 juillet.<\/p>\n<p>Abdelmoumen Toukabri a par ailleurs fait savoir que : \u00ab La Tunisie, qui est membre fondateur du r\u00e9seau international des Concours nationaux des produits du terroir, a particip\u00e9 en mars 2021 \u00e0 une r\u00e9union internationale d\u2019\u00e9change avec des repr\u00e9sentants de plusieurs pays tel que la Suisse, le Maroc, l\u2019Alg\u00e9rie, le Cameroun, la C\u00f4te d\u2019Ivoire, l\u2019Egypte et la G\u00e9orgie. Ces deux derniers pays sont actuellement en train de pr\u00e9parer la mise en place de leur propre Concours National des Produits de Terroir en suivant le mod\u00e8le tunisien. En effet, des repr\u00e9sentants de l\u2019Egypte et de la G\u00e9orgie \u00e9taient pr\u00e9sents lors de la deuxi\u00e8me \u00e9dition du Concours Tunisien des Produits de Terroir en 2019 \u00e0 Tunis pour suivre de tr\u00e8s pr\u00e8s les diff\u00e9rentes \u00e9tapes de d\u00e9roulement du concours \u00bb.<\/p>\n<p>Il ne reste plus qu\u2019\u00e0 la Cit\u00e9 des sciences de se parer de ses plus beaux habits pour accueillir, comme \u00e0 l\u2019accoutum\u00e9, le c\u00e9r\u00e9monial de l\u2019\u00e9v\u00e9nement \u00e0 savoir, l\u2019\u00e9preuve de d\u00e9gustation qui se d\u00e9roulera du 05 au 07 octobre, la remise des m\u00e9dailles, pr\u00e9vue le 14 octobre ainsi que le march\u00e9 des produits du terroir qui aura lieu du 15 au 17 octobre 2021.<\/p>\n<div class=\"wp-post-author-wrap wp-post-author-shortcode left\">\n<h3 class=\"awpa-title\"\/>\n<div class=\"wp-post-author\">\n<div class=\"awpa-img awpa-author-block square\"><a href=\"http:\/\/lexpertjournal.net\/fr\/?author=5\"><img loading=\"lazy\" decoding=\"async\" alt=\"\" src=\"http:\/\/0.gravatar.com\/avatar\/97f8e10a1c1125ba104a76514ee07b16?s=150&amp;d=mm&amp;r=g\" srcset=\"http:\/\/0.gravatar.com\/avatar\/97f8e10a1c1125ba104a76514ee07b16?s=300&amp;d=mm&amp;r=g 2x\" class=\"avatar avatar-150 photo\" height=\"150\" width=\"150\"\/><\/a><\/div>\n<\/div>\n<\/div>\n<aside class=\"mashsb-container mashsb-main mashsb-stretched\">\n<\/aside>\n<p>Auteur: L&rsquo;expert<br \/>\n<a href=\"http:\/\/lexpertjournal.net\/fr\/?p=20017\">Cliquez ici pour lire l&rsquo;article depuis sa source.<\/a><\/p>\n","protected":false},"excerpt":{"rendered":"<p>L\u2019\u00e2ge de maturit\u00e9Fid\u00e8le \u00e0 une tradition d\u00e9sormais bien ancr\u00e9e et couronn\u00e9e d\u2019un immense succ\u00e8s lors des deux premi\u00e8res \u00e9ditions, les organisateurs du Concours tunisien des produits du terroir ont d\u2019ores et d\u00e9j\u00e0 entam\u00e9 les pr\u00e9paratifs du 3\u00e9me round de cet \u00e9v\u00e8nement d\u2019envergure. Une \u00e9dition riche en nouveaut\u00e9s aussi bien au niveau de l\u2019organisation qu\u2019au niveau [&hellip;]<\/p>\n","protected":false},"author":1775,"featured_media":0,"comment_status":"closed","ping_status":"closed","sticky":false,"template":"","format":"standard","meta":{"fifu_image_url":"http:\/\/0.gravatar.com\/avatar\/97f8e10a1c1125ba104a76514ee07b16?s=150&d=mm&r=g","fifu_image_alt":"3\u00e8me \u00e9dition du concours tunisien des produits du terroir","footnotes":""},"categories":[78,55],"tags":[],"class_list":["post-116555","post","type-post","status-publish","format-standard","hentry","category-economie","category-tunisie"],"_links":{"self":[{"href":"https:\/\/linitiative.ca\/International\/wp-json\/wp\/v2\/posts\/116555","targetHints":{"allow":["GET"]}}],"collection":[{"href":"https:\/\/linitiative.ca\/International\/wp-json\/wp\/v2\/posts"}],"about":[{"href":"https:\/\/linitiative.ca\/International\/wp-json\/wp\/v2\/types\/post"}],"author":[{"embeddable":true,"href":"https:\/\/linitiative.ca\/International\/wp-json\/wp\/v2\/users\/1775"}],"replies":[{"embeddable":true,"href":"https:\/\/linitiative.ca\/International\/wp-json\/wp\/v2\/comments?post=116555"}],"version-history":[{"count":0,"href":"https:\/\/linitiative.ca\/International\/wp-json\/wp\/v2\/posts\/116555\/revisions"}],"wp:attachment":[{"href":"https:\/\/linitiative.ca\/International\/wp-json\/wp\/v2\/media?parent=116555"}],"wp:term":[{"taxonomy":"category","embeddable":true,"href":"https:\/\/linitiative.ca\/International\/wp-json\/wp\/v2\/categories?post=116555"},{"taxonomy":"post_tag","embeddable":true,"href":"https:\/\/linitiative.ca\/International\/wp-json\/wp\/v2\/tags?post=116555"}],"curies":[{"name":"wp","href":"https:\/\/api.w.org\/{rel}","templated":true}]}}