{"id":116557,"date":"2021-05-11T05:36:55","date_gmt":"2021-05-11T09:36:55","guid":{"rendered":"https:\/\/linitiative.ca\/International\/hichem-mechichi-affirme-son-appui-aux-investisseurs-tunisiennes-a-letranger\/"},"modified":"2021-05-11T05:36:55","modified_gmt":"2021-05-11T09:36:55","slug":"hichem-mechichi-affirme-son-appui-aux-investisseurs-tunisiennes-a-letranger","status":"publish","type":"post","link":"https:\/\/linitiative.ca\/International\/hichem-mechichi-affirme-son-appui-aux-investisseurs-tunisiennes-a-letranger\/","title":{"rendered":"Hichem Mechichi affirme son appui aux investisseurs tunisiennes \u00e0 l\u2019\u00e9tranger"},"content":{"rendered":"<div class=\"td-post-content\">\n<h2>Le\u00a0<a href=\"http:\/\/www.pm.gov.tn\/pm\/content\/index.php\" target=\"_blank\" rel=\"noopener noreferrer\">Chef du gouvernement<\/a>, Hichem Mechichi, a affirm\u00e9, lundi, lors de sa visite au si\u00e8ge du groupe COFICAB sp\u00e9cialis\u00e9 dans la conception, la fabrication et la vente de c\u00e2bles et de fils automobiles \u00e0 la ville de Guarda au Portugal, son appui \u00e0 toutes les entreprises tunisiennes qui investissent \u00e0 l\u2019\u00e9tranger et emploient une main-d\u2019\u0153uvre tunisienne.<\/h2>\n<p class=\"gmail-news_item_view_plain_text\">Hichem Mechichi a soulign\u00e9 que de telles\u00a0<a href=\"http:\/\/www.leconomistemaghrebin.com\/2021\/05\/08\/ministere-industrie-liste-entreprises-autorisees-a-poursuivre-leurs-activites\/\" target=\"_blank\" rel=\"noopener noreferrer\">entreprises<\/a>\u00a0t\u00e9moignent de la distinction des comp\u00e9tences tunisiennes \u00e0 l\u2019\u00e9tranger, leur capacit\u00e9 \u00e0 conqu\u00e9rir les march\u00e9s mondiaux et \u00e0 cr\u00e9er de la richesse.<\/p>\n<p class=\"gmail-news_item_view_plain_text\">Le chef du gouvernement s\u2019est, \u00e9galement, rendu au centre de recherche et de d\u00e9veloppement relevant de ce groupe. Il a, ainsi, pris connaissance de l\u2019utilisation des nouvelles technologies dans le d\u00e9veloppement de l\u2019industrie des composants automobiles.<\/p>\n<p class=\"gmail-news_item_view_plain_text\">Le pr\u00e9sident directeur g\u00e9n\u00e9ral de COFICAB, Hichem Elloumi a, \u00e0 cette occasion, donn\u00e9 un aper\u00e7u de l\u2019activit\u00e9 du groupe install\u00e9 au Portugal depuis 1993. Il a, \u00e9galement, \u00e9voqu\u00e9 les tendances du march\u00e9 automobile mondial et du groupe COFICAB dans le domaine de l\u2019innovation automobile pour des voitures plus respectueuses de l\u2019environnement dont les voitures \u00e9lectriques.<\/p>\n<p class=\"gmail-news_item_view_plain_text\">L\u2019usine de Guarda emploie 800 personnes, entre cadres et ouvriers. COFICAB poss\u00e8de des usines dans 13 pays \u00e0 travers le monde.<\/p>\n<p class=\"gmail-news_item_view_plain_text\">A noter que le Chef du gouvernement est aussi en charge de la gestion du minist\u00e8re de l\u2019Int\u00e9rieur. Il effectue actuellement une visite de travail de deux jours au Portugal (10 et 11 mai courant). Au cours de cette visite, il s\u2019est entretenu avec le ministre portugais de l\u2019Int\u00e9rieur, Eduardo Cabrita. La r\u00e9union a port\u00e9 sur des questions li\u00e9es \u00e0 l\u2019immigration et au d\u00e9veloppement solidaire.<\/p>\n<p class=\"gmail-news_item_view_plain_text\">Mechichi participera demain, mardi, \u00e0 la r\u00e9union euro-africaine sur la migration et prononcera une allocution \u00e0 cette occasion.<\/p>\n<p class=\"gmail-news_item_view_plain_text\">Il aura un entretien avec le Premier ministre portugais, Antonio Costa. Ce dernier assure actuellement la pr\u00e9sidence du Conseil de l\u2019Union europ\u00e9enne.<\/p>\n<p><em>Avec TAP<\/em><\/p>\n<\/div>\n<footer>\n<\/footer>\n<div class=\"wp-post-author-wrap wp-post-author-shortcode left\">\n<h3 class=\"awpa-title\"\/>\n<div class=\"wp-post-author\">\n<div class=\"awpa-img awpa-author-block square\"><a href=\"http:\/\/lexpertjournal.net\/fr\/?author=5\"><img loading=\"lazy\" decoding=\"async\" alt=\"\" src=\"http:\/\/0.gravatar.com\/avatar\/97f8e10a1c1125ba104a76514ee07b16?s=150&amp;d=mm&amp;r=g\" srcset=\"http:\/\/0.gravatar.com\/avatar\/97f8e10a1c1125ba104a76514ee07b16?s=300&amp;d=mm&amp;r=g 2x\" class=\"avatar avatar-150 photo\" height=\"150\" width=\"150\"\/><\/a><\/div>\n<\/div>\n<\/div>\n<aside class=\"mashsb-container mashsb-main mashsb-stretched\">\n<\/aside>\n<p>Auteur: L&rsquo;expert<br \/>\n<a href=\"http:\/\/lexpertjournal.net\/fr\/?p=20024\">Cliquez ici pour lire l&rsquo;article depuis sa source.<\/a><\/p>\n","protected":false},"excerpt":{"rendered":"<p>Le\u00a0Chef du gouvernement, Hichem Mechichi, a affirm\u00e9, lundi, lors de sa visite au si\u00e8ge du groupe COFICAB sp\u00e9cialis\u00e9 dans la conception, la fabrication et la vente de c\u00e2bles et de fils automobiles \u00e0 la ville de Guarda au Portugal, son appui \u00e0 toutes les entreprises tunisiennes qui investissent \u00e0 l\u2019\u00e9tranger et emploient une main-d\u2019\u0153uvre tunisienne. [&hellip;]<\/p>\n","protected":false},"author":1775,"featured_media":0,"comment_status":"closed","ping_status":"closed","sticky":false,"template":"","format":"standard","meta":{"fifu_image_url":"http:\/\/0.gravatar.com\/avatar\/97f8e10a1c1125ba104a76514ee07b16?s=150&d=mm&r=g","fifu_image_alt":"Hichem Mechichi affirme son appui aux investisseurs tunisiennes \u00e0 l\u2019\u00e9tranger","footnotes":""},"categories":[78,55],"tags":[],"class_list":["post-116557","post","type-post","status-publish","format-standard","hentry","category-economie","category-tunisie"],"_links":{"self":[{"href":"https:\/\/linitiative.ca\/International\/wp-json\/wp\/v2\/posts\/116557","targetHints":{"allow":["GET"]}}],"collection":[{"href":"https:\/\/linitiative.ca\/International\/wp-json\/wp\/v2\/posts"}],"about":[{"href":"https:\/\/linitiative.ca\/International\/wp-json\/wp\/v2\/types\/post"}],"author":[{"embeddable":true,"href":"https:\/\/linitiative.ca\/International\/wp-json\/wp\/v2\/users\/1775"}],"replies":[{"embeddable":true,"href":"https:\/\/linitiative.ca\/International\/wp-json\/wp\/v2\/comments?post=116557"}],"version-history":[{"count":0,"href":"https:\/\/linitiative.ca\/International\/wp-json\/wp\/v2\/posts\/116557\/revisions"}],"wp:attachment":[{"href":"https:\/\/linitiative.ca\/International\/wp-json\/wp\/v2\/media?parent=116557"}],"wp:term":[{"taxonomy":"category","embeddable":true,"href":"https:\/\/linitiative.ca\/International\/wp-json\/wp\/v2\/categories?post=116557"},{"taxonomy":"post_tag","embeddable":true,"href":"https:\/\/linitiative.ca\/International\/wp-json\/wp\/v2\/tags?post=116557"}],"curies":[{"name":"wp","href":"https:\/\/api.w.org\/{rel}","templated":true}]}}