{"id":116558,"date":"2021-05-11T06:05:11","date_gmt":"2021-05-11T10:05:11","guid":{"rendered":"https:\/\/linitiative.ca\/International\/la-reconnaissance-des-realisations-en-afrique-est-la-cle-du-developpement-continu-declare-le-nouveau-directeur-general-de-la-kfas\/"},"modified":"2021-05-11T06:05:11","modified_gmt":"2021-05-11T10:05:11","slug":"la-reconnaissance-des-realisations-en-afrique-est-la-cle-du-developpement-continu-declare-le-nouveau-directeur-general-de-la-kfas","status":"publish","type":"post","link":"https:\/\/linitiative.ca\/International\/la-reconnaissance-des-realisations-en-afrique-est-la-cle-du-developpement-continu-declare-le-nouveau-directeur-general-de-la-kfas\/","title":{"rendered":"La reconnaissance des r\u00e9alisations en Afrique est la cl\u00e9 du d\u00e9veloppement continu, d\u00e9clare le nouveau directeur g\u00e9n\u00e9ral de la KFAS"},"content":{"rendered":"<table class=\"c2\">\n<tbody>\n<tr>\n<td\/>\n<\/tr>\n<tr>\n<td><strong><em>Le Dr. Khaled Al Fadhel succ\u00e8de au Dr. Adnan Shihab-Eldin, qui a pris sa retraite plus t\u00f4t cette ann\u00e9e, occupant le poste de Directeur g\u00e9n\u00e9ral de la KFAS depuis 2011<\/em><\/strong><\/td>\n<\/tr>\n<tr>\n<td>KUWAIT CITY, Kuwait, 11 mai 2021\/ \u2014 La Fondation kowe\u00eft pour l\u2019avancement des sciences (KFAS) (<a href=\"http:\/\/www.kfas.org\/\" data-saferedirecturl=\"https:\/\/www.google.com\/url?q=http:\/\/www.KFAS.org&amp;source=gmail&amp;ust=1620813356452000&amp;usg=AFQjCNGY_OBRtByEadFZirFHzngiOR7Gfg\">www.KFAS.org<\/a>)\u00a0a annonc\u00e9 la nomination du Dr Khaled Ali Al-Fadhel en tant que nouveau directeur g\u00e9n\u00e9ral de la Fondation en mars. \u00c0 ce poste, il rejoint \u00e9galement le Conseil d\u2019administration du Prix Al-Sumait pour le d\u00e9veloppement en Afrique (<a href=\"http:\/\/www.alsumaitprize.org\/\" data-saferedirecturl=\"https:\/\/www.google.com\/url?q=http:\/\/www.AlSumaitPrize.org&amp;source=gmail&amp;ust=1620813356452000&amp;usg=AFQjCNFEzrUGZ64fL-_bsALpmSy2RE73rQ\">www.AlSumaitPrize.org<\/a>). Le Dr. Al Fadhel succ\u00e8de au Dr. Adnan Shihab-Eldin, qui a pris sa retraite plus t\u00f4t cette ann\u00e9e, occupant le poste de Directeur g\u00e9n\u00e9ral de la KFAS depuis 2011, et membre du Conseil d\u2019administration du Prix Al-Sumait depuis 2015.<\/p>\n<p><strong>Interrog\u00e9 au sujet de sa vision pour le Prix Al-Sumait, il d\u00e9clare : \u00ab notre objectif est d\u2019augmenter l\u2019impact et le prestige du Prix Al-Sumait pour le d\u00e9veloppement en Afrique. Une des meilleures mani\u00e8res de s\u2019assurer que les initiatives et les efforts humanitaires continuent sur leur lanc\u00e9e et continuent \u00e0 conna\u00eetre le succ\u00e8s est d\u2019\u00e9tablir des r\u00e9compenses comme le Prix Al-Sumait, qui souhaite reconna\u00eetre les accomplissements des organisations et des chercheurs d\u00e9vou\u00e9s \u00e0 la cr\u00e9ation d\u2019infrastructures et de solutions relatives \u00e0 la sant\u00e9, la s\u00e9curit\u00e9 alimentaire et l\u2019\u00e9ducation sur le continent africain.\u00a0\u00bb<\/strong><\/p>\n<p><strong>Son \u00c9minence le Sheikh\/Dr. Ahmad Nasser Al-Mohammad Al-Sabah, ministre des Affaires \u00c9trang\u00e8res du Koweit, ministre d\u2019\u00c9tat des Affaires du Cabinet, et pr\u00e9sident du Prix Abdulrahman Al-Sumait loue l\u2019engagement dont faire preuve le Dr. Al Fadel pour renforcer l\u2019impact du Prix Al-Sumait, et d\u00e9clare : \u00ab\u00a0le Dr. Khaled Ali Al Fadhel est un leader qui a des capacit\u00e9s remarquables, une \u00e9nergie incroyable et une passion sans limite pour les valeurs et les objectifs du Prix Al-Sumait pour le d\u00e9veloppement en Afrique. Il est capable de faire avancer la relation privil\u00e9gi\u00e9e entre la KFAS et les cercles scientifiques en Afrique, ce qui augmente la port\u00e9e et l\u2019impact du Prix.\u00a0\u00bb<\/strong><\/p>\n<p>Le Dr. Al Fadhel a occup\u00e9 plusieurs postes strat\u00e9giques et prestigieux au Kowe\u00eft, dont ministre du P\u00e9trole, pr\u00e9sident de la Kuwait Petroleum Corporation, Ministre de l\u2019Electricit\u00e9 et de l\u2019Eau et \u00a0sous-secr\u00e9taire au minist\u00e8re de l\u2019Industrie et du Commerce. Avant cela, il a occup\u00e9 de nombreux postes administratifs et universitaires \u00e0 la Facult\u00e9 Ing\u00e9nierie et P\u00e9trole de l\u2019Universit\u00e9 du Kowe\u00eft. Dr. Khaled Al Fadhel a re\u00e7u son doctorat \u00e0 l\u2019Universit\u00e9 Lehigh en 2005.<\/p>\n<p><strong>L\u2019appel pour le Prix Al-Sumait 2021 a d\u00e9but\u00e9 en Janvier 2021 et durera jusqu\u2019au 30 Juin 2021. Le Prix a une valeur mon\u00e9taire d\u2019un million de dollars am\u00e9ricains.<\/strong><\/p>\n<p>La cat\u00e9gorie Sant\u00e9 inclut sans s\u2019y limiter les initiatives, les programmes et les projets de recherche dans les domaines suivants :\u00a0 le combat contre les maladies pr\u00e9dominantes en Afrique, tout particuli\u00e8rement concernant le cycle 2021 d\u2019utilisation de cadres de travail et de programmes efficaces pour la r\u00e9solution de crises sanitaires comme le SARS, la COVID-19, et les maladies zoonotiques infectieuses\u00a0; La mise \u00e0 disposition de personnel m\u00e9dical pour les syst\u00e8mes de sant\u00e9 nationaux (m\u00e9decins, ambulanciers et infirmiers), de m\u00e9dicaments, et d\u2019\u00e9quipement m\u00e9dical et pharmaceutique, le d\u00e9veloppement des capacit\u00e9s nationales en mati\u00e8re de recherche m\u00e9dicale, d\u2019\u00e9ducation et de personnel m\u00e9dical, la modernisation et l\u2019entretien des b\u00e2timents m\u00e9dicaux nationaux\u00a0; et le d\u00e9veloppement de politiques de sant\u00e9 nationales et la mise en place efficace de celles-ci.<\/p>\n<p>Les candidats \u00e9ligibles incluent les organisations et les institutions de recherches dont les initiatives et les programmes ont contribu\u00e9 de fa\u00e7on significative \u00e0 la r\u00e9solution des difficult\u00e9s que rencontre l\u2019Afrique dans le domaine de la sant\u00e9 ainsi que des chercheurs de talents, nomin\u00e9s par leurs institutions et leurs pairs.<\/p>\n<\/td>\n<\/tr>\n<\/tbody>\n<\/table>\n<div class=\"wp-post-author-wrap wp-post-author-shortcode left\">\n<h3 class=\"awpa-title\"\/>\n<div class=\"wp-post-author\">\n<div class=\"awpa-img awpa-author-block square\"><a href=\"http:\/\/lexpertjournal.net\/fr\/?author=5\"><img loading=\"lazy\" decoding=\"async\" alt=\"\" src=\"http:\/\/0.gravatar.com\/avatar\/97f8e10a1c1125ba104a76514ee07b16?s=150&amp;d=mm&amp;r=g\" srcset=\"http:\/\/0.gravatar.com\/avatar\/97f8e10a1c1125ba104a76514ee07b16?s=300&amp;d=mm&amp;r=g 2x\" class=\"avatar avatar-150 photo\" height=\"150\" width=\"150\"\/><\/a><\/div>\n<\/div>\n<\/div>\n<aside class=\"mashsb-container mashsb-main mashsb-stretched\">\n<\/aside>\n<p>Auteur: L&rsquo;expert<br \/>\n<a href=\"http:\/\/lexpertjournal.net\/fr\/?p=20027\">Cliquez ici pour lire l&rsquo;article depuis sa source.<\/a><\/p>\n","protected":false},"excerpt":{"rendered":"<p>Le Dr. Khaled Al Fadhel succ\u00e8de au Dr. Adnan Shihab-Eldin, qui a pris sa retraite plus t\u00f4t cette ann\u00e9e, occupant le poste de Directeur g\u00e9n\u00e9ral de la KFAS depuis 2011 KUWAIT CITY, Kuwait, 11 mai 2021\/ \u2014 La Fondation kowe\u00eft pour l\u2019avancement des sciences (KFAS) (www.KFAS.org)\u00a0a annonc\u00e9 la nomination du Dr Khaled Ali Al-Fadhel en [&hellip;]<\/p>\n","protected":false},"author":1775,"featured_media":0,"comment_status":"closed","ping_status":"closed","sticky":false,"template":"","format":"standard","meta":{"fifu_image_url":"http:\/\/0.gravatar.com\/avatar\/97f8e10a1c1125ba104a76514ee07b16?s=150&d=mm&r=g","fifu_image_alt":"La reconnaissance des r\u00e9alisations en Afrique est la cl\u00e9 du d\u00e9veloppement continu, d\u00e9clare le nouveau directeur g\u00e9n\u00e9ral de la KFAS","footnotes":""},"categories":[78,55],"tags":[],"class_list":["post-116558","post","type-post","status-publish","format-standard","hentry","category-economie","category-tunisie"],"_links":{"self":[{"href":"https:\/\/linitiative.ca\/International\/wp-json\/wp\/v2\/posts\/116558","targetHints":{"allow":["GET"]}}],"collection":[{"href":"https:\/\/linitiative.ca\/International\/wp-json\/wp\/v2\/posts"}],"about":[{"href":"https:\/\/linitiative.ca\/International\/wp-json\/wp\/v2\/types\/post"}],"author":[{"embeddable":true,"href":"https:\/\/linitiative.ca\/International\/wp-json\/wp\/v2\/users\/1775"}],"replies":[{"embeddable":true,"href":"https:\/\/linitiative.ca\/International\/wp-json\/wp\/v2\/comments?post=116558"}],"version-history":[{"count":0,"href":"https:\/\/linitiative.ca\/International\/wp-json\/wp\/v2\/posts\/116558\/revisions"}],"wp:attachment":[{"href":"https:\/\/linitiative.ca\/International\/wp-json\/wp\/v2\/media?parent=116558"}],"wp:term":[{"taxonomy":"category","embeddable":true,"href":"https:\/\/linitiative.ca\/International\/wp-json\/wp\/v2\/categories?post=116558"},{"taxonomy":"post_tag","embeddable":true,"href":"https:\/\/linitiative.ca\/International\/wp-json\/wp\/v2\/tags?post=116558"}],"curies":[{"name":"wp","href":"https:\/\/api.w.org\/{rel}","templated":true}]}}