{"id":116564,"date":"2021-05-11T13:00:32","date_gmt":"2021-05-11T17:00:32","guid":{"rendered":"https:\/\/linitiative.ca\/International\/observation-mercredi-du-croissant-lunaire-annoncant-le-debut-de-chaoual\/"},"modified":"2021-05-11T13:00:32","modified_gmt":"2021-05-11T17:00:32","slug":"observation-mercredi-du-croissant-lunaire-annoncant-le-debut-de-chaoual","status":"publish","type":"post","link":"https:\/\/linitiative.ca\/International\/observation-mercredi-du-croissant-lunaire-annoncant-le-debut-de-chaoual\/","title":{"rendered":"Observation mercredi du croissant lunaire annon\u00e7ant le d\u00e9but de Chaoual"},"content":{"rendered":"<div class=\"single-featured\"><img alt=\"\" data-src=\"http:\/\/www.mapmarrakech.ma\/map\/uploads\/2021\/05\/ministere-des-habous.jpg\"\/><\/div>\n<div class=\"single-post-excerpt post-excerpt-bc\" readability=\"35\">\n<p>L\u2019observation du croissant lunaire annon\u00e7ant le d\u00e9but du mois de Chaoual aura lieu mercredi 29 Ramadan 1442 de l\u2019h\u00e9gire correspondant au 12 mai 2021, a annonc\u00e9 mardi le minist\u00e8re des Habous et des affaires islamiques.<\/p>\n<\/div>\n<div class=\"entry-content clearfix single-post-content\" readability=\"38\">\n<p>Les magistrats et les d\u00e9l\u00e9gu\u00e9s du minist\u00e8re sont invit\u00e9s \u00e0 informer ce d\u00e9partement de l\u2019observation ou pas du croissant lunaire \u00e0 travers les num\u00e9ros de t\u00e9l\u00e9phone suivants: (0537.76.11.45), (0537.76.09.32), (0537.76.05.49) et (0537.76.89.54) ou via le num\u00e9ro de fax (0537.76.17.21), a pr\u00e9cis\u00e9 le minist\u00e8re dans un communiqu\u00e9 publi\u00e9 sur son site \u00e9lectronique.<\/p>\n<\/div>\n<p>Auteur: Meriem IGASS<br \/>\n<a href=\"http:\/\/www.mapmarrakech.ma\/fr\/observation-mercredi-du-croissant-lunaire-annoncant-le-debut-de-chaoual\/\">Cliquez ici pour lire l&rsquo;article depuis sa source.<\/a><\/p>\n","protected":false},"excerpt":{"rendered":"<p>L\u2019observation du croissant lunaire annon\u00e7ant le d\u00e9but du mois de Chaoual aura lieu mercredi 29 Ramadan 1442 de l\u2019h\u00e9gire correspondant au 12 mai 2021, a annonc\u00e9 mardi le minist\u00e8re des Habous et des affaires islamiques. Les magistrats et les d\u00e9l\u00e9gu\u00e9s du minist\u00e8re sont invit\u00e9s \u00e0 informer ce d\u00e9partement de l\u2019observation ou pas du croissant lunaire [&hellip;]<\/p>\n","protected":false},"author":1788,"featured_media":0,"comment_status":"closed","ping_status":"closed","sticky":false,"template":"","format":"standard","meta":{"fifu_image_url":"http:\/\/www.mapmarrakech.ma\/map\/uploads\/2021\/05\/ministere-des-habous.jpg","fifu_image_alt":"Observation mercredi du croissant lunaire annon\u00e7ant le d\u00e9but de Chaoual","footnotes":""},"categories":[54,76],"tags":[],"class_list":["post-116564","post","type-post","status-publish","format-standard","hentry","category-maroc","category-regions"],"_links":{"self":[{"href":"https:\/\/linitiative.ca\/International\/wp-json\/wp\/v2\/posts\/116564","targetHints":{"allow":["GET"]}}],"collection":[{"href":"https:\/\/linitiative.ca\/International\/wp-json\/wp\/v2\/posts"}],"about":[{"href":"https:\/\/linitiative.ca\/International\/wp-json\/wp\/v2\/types\/post"}],"author":[{"embeddable":true,"href":"https:\/\/linitiative.ca\/International\/wp-json\/wp\/v2\/users\/1788"}],"replies":[{"embeddable":true,"href":"https:\/\/linitiative.ca\/International\/wp-json\/wp\/v2\/comments?post=116564"}],"version-history":[{"count":0,"href":"https:\/\/linitiative.ca\/International\/wp-json\/wp\/v2\/posts\/116564\/revisions"}],"wp:attachment":[{"href":"https:\/\/linitiative.ca\/International\/wp-json\/wp\/v2\/media?parent=116564"}],"wp:term":[{"taxonomy":"category","embeddable":true,"href":"https:\/\/linitiative.ca\/International\/wp-json\/wp\/v2\/categories?post=116564"},{"taxonomy":"post_tag","embeddable":true,"href":"https:\/\/linitiative.ca\/International\/wp-json\/wp\/v2\/tags?post=116564"}],"curies":[{"name":"wp","href":"https:\/\/api.w.org\/{rel}","templated":true}]}}