{"id":116565,"date":"2021-05-10T17:39:54","date_gmt":"2021-05-10T21:39:54","guid":{"rendered":"https:\/\/linitiative.ca\/International\/guercif-operation-de-remplacement-total-de-larticulation-de-la-hanche\/"},"modified":"2021-05-10T17:39:54","modified_gmt":"2021-05-10T21:39:54","slug":"guercif-operation-de-remplacement-total-de-larticulation-de-la-hanche","status":"publish","type":"post","link":"https:\/\/linitiative.ca\/International\/guercif-operation-de-remplacement-total-de-larticulation-de-la-hanche\/","title":{"rendered":"Guercif : Op\u00e9ration de remplacement total de l\u2019articulation de la hanche"},"content":{"rendered":"<p class=\"c4\">Une op\u00e9ration chirurgicale de remplacement total de l\u2019articulation de la hanche, la premi\u00e8re du genre au niveau de la province de Guercif, a \u00e9t\u00e9 effectu\u00e9e, r\u00e9cemment, par une \u00e9quipe m\u00e9dicale de l\u2019h\u00f4pital provincial.<\/p>\n<p class=\"c4\">Ayant n\u00e9cessit\u00e9 deux heures et demie d\u2019intervention, cette op\u00e9ration chirurgicale minutieuse qui a \u00e9t\u00e9 r\u00e9alis\u00e9e au profit d\u2019un patient de 62 ans souffrant de diab\u00e8te, a permis le remplacement de l\u2019articulation de la cuisse gauche, et ce apr\u00e8s des examens cliniques, de laboratoire et radiologiques qui ont montr\u00e9 la n\u00e9cessit\u00e9 d\u2019une chirurgie pour l\u2019implantation d\u2019une articulation artificielle.<\/p>\n<p class=\"c4\">Le d\u00e9l\u00e9gu\u00e9 provincial du minist\u00e8re de la Sant\u00e9 \u00e0 Guercif, Hicham Alaoui Isma\u00efli, a soulign\u00e9 dans une d\u00e9claration \u00e0 la MAP que le service de chirurgie orthop\u00e9dique de l\u2019h\u00f4pital provincial de Guercif a connu, \u00e0 la faveur de la mise \u00e0 disposition d\u2019\u00e9quipements m\u00e9dicaux n\u00e9cessaires, des avanc\u00e9es remarquables dans les interventions pouvant y \u00eatre pratiqu\u00e9es.<\/p>\n<p class=\"c4\">Le responsable a affirm\u00e9 que ce service peut d\u00e9sormais effectuer toutes sortes d\u2019interventions en chirurgie orthop\u00e9dique, telles que la chirurgie des fractures et des nerfs, la chirurgie laparoscopique et les articulations artificielles, notant que ces interventions se faisaient auparavant au niveau du CHU d\u2019Oujda.<\/p>\n<p class=\"c4\">Il a soulign\u00e9 dans ce sens que cette performance s\u2019inscrit dans le cadre des efforts d\u00e9ploy\u00e9s par la d\u00e9l\u00e9gation provinciale du minist\u00e8re de la Sant\u00e9, en coop\u00e9ration avec les diff\u00e9rents partenaires et intervenants, pour am\u00e9liorer et rapprocher les services de sant\u00e9 des habitants de la province de Guercif.<\/p>\n<p class=\"c4\">Il est \u00e0 noter que les r\u00e9sultats des examens ont confirm\u00e9 que l\u2019intervention s\u2019est sold\u00e9e par un succ\u00e8s complet, et le patient est actuellement en bonne sant\u00e9.<\/p>\n<p>Auteur: Soufiane ELAHMAR<br \/>\n<a href=\"http:\/\/www.mapoujda.ma\/fr\/guercif-operation-de-remplacement-total-de-larticulation-de-la-hanche\/\">Cliquez ici pour lire l&rsquo;article depuis sa source.<\/a><\/p>\n","protected":false},"excerpt":{"rendered":"<p>Une op\u00e9ration chirurgicale de remplacement total de l\u2019articulation de la hanche, la premi\u00e8re du genre au niveau de la province de Guercif, a \u00e9t\u00e9 effectu\u00e9e, r\u00e9cemment, par une \u00e9quipe m\u00e9dicale de l\u2019h\u00f4pital provincial. Ayant n\u00e9cessit\u00e9 deux heures et demie d\u2019intervention, cette op\u00e9ration chirurgicale minutieuse qui a \u00e9t\u00e9 r\u00e9alis\u00e9e au profit d\u2019un patient de 62 ans [&hellip;]<\/p>\n","protected":false},"author":1788,"featured_media":0,"comment_status":"closed","ping_status":"closed","sticky":false,"template":"","format":"standard","meta":{"fifu_image_url":"","fifu_image_alt":"","footnotes":""},"categories":[54,76],"tags":[],"class_list":["post-116565","post","type-post","status-publish","format-standard","hentry","category-maroc","category-regions"],"_links":{"self":[{"href":"https:\/\/linitiative.ca\/International\/wp-json\/wp\/v2\/posts\/116565","targetHints":{"allow":["GET"]}}],"collection":[{"href":"https:\/\/linitiative.ca\/International\/wp-json\/wp\/v2\/posts"}],"about":[{"href":"https:\/\/linitiative.ca\/International\/wp-json\/wp\/v2\/types\/post"}],"author":[{"embeddable":true,"href":"https:\/\/linitiative.ca\/International\/wp-json\/wp\/v2\/users\/1788"}],"replies":[{"embeddable":true,"href":"https:\/\/linitiative.ca\/International\/wp-json\/wp\/v2\/comments?post=116565"}],"version-history":[{"count":0,"href":"https:\/\/linitiative.ca\/International\/wp-json\/wp\/v2\/posts\/116565\/revisions"}],"wp:attachment":[{"href":"https:\/\/linitiative.ca\/International\/wp-json\/wp\/v2\/media?parent=116565"}],"wp:term":[{"taxonomy":"category","embeddable":true,"href":"https:\/\/linitiative.ca\/International\/wp-json\/wp\/v2\/categories?post=116565"},{"taxonomy":"post_tag","embeddable":true,"href":"https:\/\/linitiative.ca\/International\/wp-json\/wp\/v2\/tags?post=116565"}],"curies":[{"name":"wp","href":"https:\/\/api.w.org\/{rel}","templated":true}]}}