{"id":116566,"date":"2021-05-10T18:34:19","date_gmt":"2021-05-10T22:34:19","guid":{"rendered":"https:\/\/linitiative.ca\/International\/le-controle-des-deplacements-de-et-vers-fes-na-subi-aucun-changement\/"},"modified":"2021-05-10T18:34:19","modified_gmt":"2021-05-10T22:34:19","slug":"le-controle-des-deplacements-de-et-vers-fes-na-subi-aucun-changement","status":"publish","type":"post","link":"https:\/\/linitiative.ca\/International\/le-controle-des-deplacements-de-et-vers-fes-na-subi-aucun-changement\/","title":{"rendered":"Le contr\u00f4le des d\u00e9placements de et vers F\u00e8s n\u2019a subi aucun changement"},"content":{"rendered":"<div class=\"single-featured\"><img alt=\"\" data-src=\"http:\/\/www.mapoujda.ma\/map\/uploads\/2021\/03\/Ie-travail-nocturne-des-\u00e9l\u00e9ments-de-la-DGSN-750\u00d7430-MAP.jpg\"\/><\/div>\n<div class=\"entry-content clearfix single-post-content\" readability=\"47\">\n<p class=\"c4\">Suite aux informations relay\u00e9es sur d\u2019\u00e9ventuelles restrictions des d\u00e9placements de et vers la ville de F\u00e8s durant la p\u00e9riode du 11 au 16 mai, le Comit\u00e9 r\u00e9gional de veille et de suivi de la Wilaya de la r\u00e9gion de F\u00e8s-Mekn\u00e8s a assur\u00e9 qu\u2019il s\u2019agit de simples propositions qui faisaient l\u2019objet d\u2019examen, par le comit\u00e9 comp\u00e9tent, entre autres recommandations et mesures.<\/p>\n<p class=\"c4\">Le Comit\u00e9 affirme que rien n\u2019a \u00e9t\u00e9 d\u00e9finitivement tranch\u00e9 quant aux mesures pr\u00e9ventives \u00e0 prendre pour faire face \u00e0 la pand\u00e9mie du Coronavirus dans la r\u00e9gion de F\u00e8s-Mekn\u00e8s.<\/p>\n<p class=\"c4\">Les op\u00e9rations de contr\u00f4le de et vers la ville de F\u00e8s, souligne-t-il, n\u2019ont subi aucun changement et demeurent conformes aux dispositions actuellement en vigueur, et ce jusqu\u2019\u00e0 nouvel ordre.<\/p>\n<\/div>\n<p>Auteur: Soufiane ELAHMAR<br \/>\n<a href=\"http:\/\/www.mapoujda.ma\/fr\/le-controle-des-deplacements-de-et-vers-fes-na-subi-aucun-changement\/\">Cliquez ici pour lire l&rsquo;article depuis sa source.<\/a><\/p>\n","protected":false},"excerpt":{"rendered":"<p>Suite aux informations relay\u00e9es sur d\u2019\u00e9ventuelles restrictions des d\u00e9placements de et vers la ville de F\u00e8s durant la p\u00e9riode du 11 au 16 mai, le Comit\u00e9 r\u00e9gional de veille et de suivi de la Wilaya de la r\u00e9gion de F\u00e8s-Mekn\u00e8s a assur\u00e9 qu\u2019il s\u2019agit de simples propositions qui faisaient l\u2019objet d\u2019examen, par le comit\u00e9 comp\u00e9tent, [&hellip;]<\/p>\n","protected":false},"author":1788,"featured_media":0,"comment_status":"closed","ping_status":"closed","sticky":false,"template":"","format":"standard","meta":{"fifu_image_url":"http:\/\/www.mapoujda.ma\/map\/uploads\/2021\/03\/Ie-travail-nocturne-des-\u00e9l\u00e9ments-de-la-DGSN-750\u00d7430-MAP.jpg","fifu_image_alt":"Le contr\u00f4le des d\u00e9placements de et vers F\u00e8s n\u2019a subi aucun changement","footnotes":""},"categories":[54,76],"tags":[],"class_list":["post-116566","post","type-post","status-publish","format-standard","hentry","category-maroc","category-regions"],"_links":{"self":[{"href":"https:\/\/linitiative.ca\/International\/wp-json\/wp\/v2\/posts\/116566","targetHints":{"allow":["GET"]}}],"collection":[{"href":"https:\/\/linitiative.ca\/International\/wp-json\/wp\/v2\/posts"}],"about":[{"href":"https:\/\/linitiative.ca\/International\/wp-json\/wp\/v2\/types\/post"}],"author":[{"embeddable":true,"href":"https:\/\/linitiative.ca\/International\/wp-json\/wp\/v2\/users\/1788"}],"replies":[{"embeddable":true,"href":"https:\/\/linitiative.ca\/International\/wp-json\/wp\/v2\/comments?post=116566"}],"version-history":[{"count":0,"href":"https:\/\/linitiative.ca\/International\/wp-json\/wp\/v2\/posts\/116566\/revisions"}],"wp:attachment":[{"href":"https:\/\/linitiative.ca\/International\/wp-json\/wp\/v2\/media?parent=116566"}],"wp:term":[{"taxonomy":"category","embeddable":true,"href":"https:\/\/linitiative.ca\/International\/wp-json\/wp\/v2\/categories?post=116566"},{"taxonomy":"post_tag","embeddable":true,"href":"https:\/\/linitiative.ca\/International\/wp-json\/wp\/v2\/tags?post=116566"}],"curies":[{"name":"wp","href":"https:\/\/api.w.org\/{rel}","templated":true}]}}