{"id":116567,"date":"2021-05-11T10:11:06","date_gmt":"2021-05-11T14:11:06","guid":{"rendered":"https:\/\/linitiative.ca\/International\/aid-al-fitr-observation-du-croissant-lunaire\/"},"modified":"2021-05-11T10:11:06","modified_gmt":"2021-05-11T14:11:06","slug":"aid-al-fitr-observation-du-croissant-lunaire","status":"publish","type":"post","link":"https:\/\/linitiative.ca\/International\/aid-al-fitr-observation-du-croissant-lunaire\/","title":{"rendered":"Aid Al Fitr: Observation du croissant lunaire"},"content":{"rendered":"<p class=\"rtejustify\">L&rsquo;observation du croissant lunaire annon\u00e7ant le d\u00e9but du mois de Chaoual aura lieu mercredi 29 Ramadan 1442 de l&rsquo;h\u00e9gire correspondant au 12 mai 2021, a annonc\u00e9 mardi le minist\u00e8re des Habous et des affaires islamiques.<\/p>\n<p class=\"rtejustify\">Les magistrats et les d\u00e9l\u00e9gu\u00e9s du minist\u00e8re sont invit\u00e9s \u00e0 informer ce d\u00e9partement de l&rsquo;observation ou pas du croissant lunaire \u00e0 travers les num\u00e9ros de t\u00e9l\u00e9phone suivants: (0537.76.11.45), (0537.76.09.32), (0537.76.05.49) et (0537.76.89.54) ou via le num\u00e9ro de fax (0537.76.17.21), a pr\u00e9cis\u00e9 le minist\u00e8re.<\/p>\n<p class=\"rtejustify\">\u00a0<\/p>\n<p>Auteur: mbasraoui<br \/>\n<a href=\"https:\/\/www.leconomiste.com\/flash-infos\/aid-al-fitr-observation-du-croissant-lunaire\">Cliquez ici pour lire l&rsquo;article depuis sa source.<\/a><\/p>\n","protected":false},"excerpt":{"rendered":"<p>L&rsquo;observation du croissant lunaire annon\u00e7ant le d\u00e9but du mois de Chaoual aura lieu mercredi 29 Ramadan 1442 de l&rsquo;h\u00e9gire correspondant au 12 mai 2021, a annonc\u00e9 mardi le minist\u00e8re des Habous et des affaires islamiques. Les magistrats et les d\u00e9l\u00e9gu\u00e9s du minist\u00e8re sont invit\u00e9s \u00e0 informer ce d\u00e9partement de l&rsquo;observation ou pas du croissant lunaire [&hellip;]<\/p>\n","protected":false},"author":1763,"featured_media":0,"comment_status":"closed","ping_status":"closed","sticky":false,"template":"","format":"standard","meta":{"fifu_image_url":"","fifu_image_alt":"","footnotes":""},"categories":[78,54],"tags":[],"class_list":["post-116567","post","type-post","status-publish","format-standard","hentry","category-economie","category-maroc"],"_links":{"self":[{"href":"https:\/\/linitiative.ca\/International\/wp-json\/wp\/v2\/posts\/116567","targetHints":{"allow":["GET"]}}],"collection":[{"href":"https:\/\/linitiative.ca\/International\/wp-json\/wp\/v2\/posts"}],"about":[{"href":"https:\/\/linitiative.ca\/International\/wp-json\/wp\/v2\/types\/post"}],"author":[{"embeddable":true,"href":"https:\/\/linitiative.ca\/International\/wp-json\/wp\/v2\/users\/1763"}],"replies":[{"embeddable":true,"href":"https:\/\/linitiative.ca\/International\/wp-json\/wp\/v2\/comments?post=116567"}],"version-history":[{"count":0,"href":"https:\/\/linitiative.ca\/International\/wp-json\/wp\/v2\/posts\/116567\/revisions"}],"wp:attachment":[{"href":"https:\/\/linitiative.ca\/International\/wp-json\/wp\/v2\/media?parent=116567"}],"wp:term":[{"taxonomy":"category","embeddable":true,"href":"https:\/\/linitiative.ca\/International\/wp-json\/wp\/v2\/categories?post=116567"},{"taxonomy":"post_tag","embeddable":true,"href":"https:\/\/linitiative.ca\/International\/wp-json\/wp\/v2\/tags?post=116567"}],"curies":[{"name":"wp","href":"https:\/\/api.w.org\/{rel}","templated":true}]}}