{"id":116568,"date":"2021-05-11T10:35:53","date_gmt":"2021-05-11T14:35:53","guid":{"rendered":"https:\/\/linitiative.ca\/International\/sacs-en-plastique-un-atelier-clandestin-demantele\/"},"modified":"2021-05-11T10:35:53","modified_gmt":"2021-05-11T14:35:53","slug":"sacs-en-plastique-un-atelier-clandestin-demantele","status":"publish","type":"post","link":"https:\/\/linitiative.ca\/International\/sacs-en-plastique-un-atelier-clandestin-demantele\/","title":{"rendered":"Sacs en plastique: Un atelier clandestin d\u00e9mantel\u00e9"},"content":{"rendered":"<p class=\"rtejustify\">La fabrication clandestine de sacs en plastique existe toujours malgr\u00e9 son interdiction. Lundi, la Gendarmerie royale et les autorit\u00e9s locales ont d\u00e9mantel\u00e9 dans la province de Benslimane (commune de Fedalate) un atelier clandestin de fabrication de sacs en plastique interdits.<\/p>\n<p class=\"rtejustify\">L\u2019op\u00e9ration, men\u00e9e par une commission r\u00e9gionale mixte compos\u00e9e du minist\u00e8re de l&rsquo;Industrie, du Commerce, de l&rsquo;\u00c9conomie verte et num\u00e9rique, de l&rsquo;Autorit\u00e9 locale et de la Gendarmerie royale, a permis la saisie de plus de 990 kg de mati\u00e8res premi\u00e8res, 154 kg d&#8217;emballages plastiques fabriqu\u00e9s, 125 kg de d\u00e9chets plastiques et 6 machines utilis\u00e9es dans la fabrication de sacs interdits. L\u2019atelier a \u00e9t\u00e9 ferm\u00e9, alors qu\u2019une enqu\u00eate judiciaire a \u00e9t\u00e9 ouverte.<\/p>\n<p>Auteur: hgueye<br \/>\n<a href=\"https:\/\/www.leconomiste.com\/flash-infos\/sacs-en-plastique-un-atelier-clandestin-demantele\">Cliquez ici pour lire l&rsquo;article depuis sa source.<\/a><\/p>\n","protected":false},"excerpt":{"rendered":"<p>La fabrication clandestine de sacs en plastique existe toujours malgr\u00e9 son interdiction. Lundi, la Gendarmerie royale et les autorit\u00e9s locales ont d\u00e9mantel\u00e9 dans la province de Benslimane (commune de Fedalate) un atelier clandestin de fabrication de sacs en plastique interdits. L\u2019op\u00e9ration, men\u00e9e par une commission r\u00e9gionale mixte compos\u00e9e du minist\u00e8re de l&rsquo;Industrie, du Commerce, de [&hellip;]<\/p>\n","protected":false},"author":1763,"featured_media":0,"comment_status":"closed","ping_status":"closed","sticky":false,"template":"","format":"standard","meta":{"fifu_image_url":"","fifu_image_alt":"","footnotes":""},"categories":[78,54],"tags":[],"class_list":["post-116568","post","type-post","status-publish","format-standard","hentry","category-economie","category-maroc"],"_links":{"self":[{"href":"https:\/\/linitiative.ca\/International\/wp-json\/wp\/v2\/posts\/116568","targetHints":{"allow":["GET"]}}],"collection":[{"href":"https:\/\/linitiative.ca\/International\/wp-json\/wp\/v2\/posts"}],"about":[{"href":"https:\/\/linitiative.ca\/International\/wp-json\/wp\/v2\/types\/post"}],"author":[{"embeddable":true,"href":"https:\/\/linitiative.ca\/International\/wp-json\/wp\/v2\/users\/1763"}],"replies":[{"embeddable":true,"href":"https:\/\/linitiative.ca\/International\/wp-json\/wp\/v2\/comments?post=116568"}],"version-history":[{"count":0,"href":"https:\/\/linitiative.ca\/International\/wp-json\/wp\/v2\/posts\/116568\/revisions"}],"wp:attachment":[{"href":"https:\/\/linitiative.ca\/International\/wp-json\/wp\/v2\/media?parent=116568"}],"wp:term":[{"taxonomy":"category","embeddable":true,"href":"https:\/\/linitiative.ca\/International\/wp-json\/wp\/v2\/categories?post=116568"},{"taxonomy":"post_tag","embeddable":true,"href":"https:\/\/linitiative.ca\/International\/wp-json\/wp\/v2\/tags?post=116568"}],"curies":[{"name":"wp","href":"https:\/\/api.w.org\/{rel}","templated":true}]}}