{"id":116569,"date":"2021-05-11T10:43:02","date_gmt":"2021-05-11T14:43:02","guid":{"rendered":"https:\/\/linitiative.ca\/International\/le-dg-de-huawei-maroc-chez-la-cndp\/"},"modified":"2021-05-11T10:43:02","modified_gmt":"2021-05-11T14:43:02","slug":"le-dg-de-huawei-maroc-chez-la-cndp","status":"publish","type":"post","link":"https:\/\/linitiative.ca\/International\/le-dg-de-huawei-maroc-chez-la-cndp\/","title":{"rendered":"Le DG de Huawei Maroc chez la CNDP"},"content":{"rendered":"<p class=\"rtejustify\">La Commission nationale de contr\u00f4le de la protection des donn\u00e9es \u00e0 caract\u00e8re personnel (CNDP) et Huawei Maroc comptent collaborer prochainement sur des domaines d&rsquo;int\u00e9r\u00eats commun. Le pr\u00e9sident de\u00a0CNDP, Omar Seghrouchni, a re\u00e7u\u00a0r\u00e9cemment\u00a0une d\u00e9l\u00e9gation du groupe chinois\u00a0\u00e9tabli au Maroc pr\u00e9sid\u00e9e par son DG Cui Jerry et compos\u00e9e de Faustin Xu (DG\u00a0adjoint), Chakib Achour (directeur de la strat\u00e9gie marketing) et Amine Ouriaghli (solution manager). Les \u00e9changes ont porte sur diff\u00e9rentes pistes de collaboration sur des sujets d\u2019int\u00e9r\u00eat commun. Les deux parties ont ainsi convenu de la pr\u00e9paration d\u2019une convention de collaboration qui posera, dans un tr\u00e8s proche avenir, un riche cadre de collaboration.<\/p>\n<p>Auteur: hgueye<br \/>\n<a href=\"https:\/\/www.leconomiste.com\/flash-infos\/le-dg-de-huawei-maroc-chez-la-cndp\">Cliquez ici pour lire l&rsquo;article depuis sa source.<\/a><\/p>\n","protected":false},"excerpt":{"rendered":"<p>La Commission nationale de contr\u00f4le de la protection des donn\u00e9es \u00e0 caract\u00e8re personnel (CNDP) et Huawei Maroc comptent collaborer prochainement sur des domaines d&rsquo;int\u00e9r\u00eats commun. Le pr\u00e9sident de\u00a0CNDP, Omar Seghrouchni, a re\u00e7u\u00a0r\u00e9cemment\u00a0une d\u00e9l\u00e9gation du groupe chinois\u00a0\u00e9tabli au Maroc pr\u00e9sid\u00e9e par son DG Cui Jerry et compos\u00e9e de Faustin Xu (DG\u00a0adjoint), Chakib Achour (directeur de la [&hellip;]<\/p>\n","protected":false},"author":1763,"featured_media":0,"comment_status":"closed","ping_status":"closed","sticky":false,"template":"","format":"standard","meta":{"fifu_image_url":"","fifu_image_alt":"","footnotes":""},"categories":[78,54],"tags":[],"class_list":["post-116569","post","type-post","status-publish","format-standard","hentry","category-economie","category-maroc"],"_links":{"self":[{"href":"https:\/\/linitiative.ca\/International\/wp-json\/wp\/v2\/posts\/116569","targetHints":{"allow":["GET"]}}],"collection":[{"href":"https:\/\/linitiative.ca\/International\/wp-json\/wp\/v2\/posts"}],"about":[{"href":"https:\/\/linitiative.ca\/International\/wp-json\/wp\/v2\/types\/post"}],"author":[{"embeddable":true,"href":"https:\/\/linitiative.ca\/International\/wp-json\/wp\/v2\/users\/1763"}],"replies":[{"embeddable":true,"href":"https:\/\/linitiative.ca\/International\/wp-json\/wp\/v2\/comments?post=116569"}],"version-history":[{"count":0,"href":"https:\/\/linitiative.ca\/International\/wp-json\/wp\/v2\/posts\/116569\/revisions"}],"wp:attachment":[{"href":"https:\/\/linitiative.ca\/International\/wp-json\/wp\/v2\/media?parent=116569"}],"wp:term":[{"taxonomy":"category","embeddable":true,"href":"https:\/\/linitiative.ca\/International\/wp-json\/wp\/v2\/categories?post=116569"},{"taxonomy":"post_tag","embeddable":true,"href":"https:\/\/linitiative.ca\/International\/wp-json\/wp\/v2\/tags?post=116569"}],"curies":[{"name":"wp","href":"https:\/\/api.w.org\/{rel}","templated":true}]}}