{"id":116570,"date":"2021-05-11T11:43:13","date_gmt":"2021-05-11T15:43:13","guid":{"rendered":"https:\/\/linitiative.ca\/International\/haute-distinction-pour-lex-ambassadeur-americain-au-maroc-david-fischer\/"},"modified":"2021-05-11T11:43:13","modified_gmt":"2021-05-11T15:43:13","slug":"haute-distinction-pour-lex-ambassadeur-americain-au-maroc-david-fischer","status":"publish","type":"post","link":"https:\/\/linitiative.ca\/International\/haute-distinction-pour-lex-ambassadeur-americain-au-maroc-david-fischer\/","title":{"rendered":"Haute distinction pour l&rsquo;ex-ambassadeur am\u00e9ricain au Maroc, David Fischer"},"content":{"rendered":"<p class=\"rtejustify\">L\u2019ancien ambassadeur am\u00e9ricain au Maroc, David T. Fischer, vient d&rsquo;\u00eatre honor\u00e9 aux Etats-Unis. Le diplomatie a\u00a0re\u00e7u la \u00ab\u00a0National Security Medal\u00a0\u00bb, l\u2019une des plus hautes distinctions accord\u00e9es aux responsables am\u00e9ricains, pour\u00a0\u00ab\u00a0ses r\u00e9alisations remarquables\u00a0\u00bb\u00a0dans le domaine de la s\u00e9curit\u00e9 nationale.<\/p>\n<p class=\"rtejustify\">Durant son mandat au Maroc (janvier 2020 &#8211; janvier 2021), le diplomate avait assist\u00e9 \u00e0 la\u00a0la reconnaissance am\u00e9ricaine de la souverainet\u00e9 du Royaume sur ses provinces du Sud.\u00a0\u00a0Il a ainsi grav\u00e9 son nom dans la m\u00e9moire collective des Marocains, en effectuant une visite aux provinces du sud\u00a0au lendemain de cet important acte et signant la carte compl\u00e8te du Royaume.<\/p>\n<p class=\"rtejustify\">L&rsquo;ambassadeur avait assur\u00e9 que sa mission au Maroc \u00e9tait l\u2019une des plus riches de sa carri\u00e8re diplomatique. \u00ab\u00a0Ce fut l\u2019honneur de ma vie d\u2019\u00eatre l\u2019Ambassadeur des \u00c9tats-Unis au Maroc, l\u2019un des pays les plus merveilleux, les plus beaux et les plus hospitaliers du monde\u00a0\u00bb, avait-il d\u00e9clar\u00e9 devant les m\u00e9dias.<\/p>\n<p>Auteur: hgueye<br \/>\n<a href=\"https:\/\/www.leconomiste.com\/flash-infos\/haute-distinction-pour-l-ex-ambassadeur-americain-au-maroc-david-fischer\">Cliquez ici pour lire l&rsquo;article depuis sa source.<\/a><\/p>\n","protected":false},"excerpt":{"rendered":"<p>L\u2019ancien ambassadeur am\u00e9ricain au Maroc, David T. Fischer, vient d&rsquo;\u00eatre honor\u00e9 aux Etats-Unis. Le diplomatie a\u00a0re\u00e7u la \u00ab\u00a0National Security Medal\u00a0\u00bb, l\u2019une des plus hautes distinctions accord\u00e9es aux responsables am\u00e9ricains, pour\u00a0\u00ab\u00a0ses r\u00e9alisations remarquables\u00a0\u00bb\u00a0dans le domaine de la s\u00e9curit\u00e9 nationale. Durant son mandat au Maroc (janvier 2020 &#8211; janvier 2021), le diplomate avait assist\u00e9 \u00e0 la\u00a0la reconnaissance [&hellip;]<\/p>\n","protected":false},"author":1763,"featured_media":0,"comment_status":"closed","ping_status":"closed","sticky":false,"template":"","format":"standard","meta":{"fifu_image_url":"","fifu_image_alt":"","footnotes":""},"categories":[78,54],"tags":[],"class_list":["post-116570","post","type-post","status-publish","format-standard","hentry","category-economie","category-maroc"],"_links":{"self":[{"href":"https:\/\/linitiative.ca\/International\/wp-json\/wp\/v2\/posts\/116570","targetHints":{"allow":["GET"]}}],"collection":[{"href":"https:\/\/linitiative.ca\/International\/wp-json\/wp\/v2\/posts"}],"about":[{"href":"https:\/\/linitiative.ca\/International\/wp-json\/wp\/v2\/types\/post"}],"author":[{"embeddable":true,"href":"https:\/\/linitiative.ca\/International\/wp-json\/wp\/v2\/users\/1763"}],"replies":[{"embeddable":true,"href":"https:\/\/linitiative.ca\/International\/wp-json\/wp\/v2\/comments?post=116570"}],"version-history":[{"count":0,"href":"https:\/\/linitiative.ca\/International\/wp-json\/wp\/v2\/posts\/116570\/revisions"}],"wp:attachment":[{"href":"https:\/\/linitiative.ca\/International\/wp-json\/wp\/v2\/media?parent=116570"}],"wp:term":[{"taxonomy":"category","embeddable":true,"href":"https:\/\/linitiative.ca\/International\/wp-json\/wp\/v2\/categories?post=116570"},{"taxonomy":"post_tag","embeddable":true,"href":"https:\/\/linitiative.ca\/International\/wp-json\/wp\/v2\/tags?post=116570"}],"curies":[{"name":"wp","href":"https:\/\/api.w.org\/{rel}","templated":true}]}}