{"id":116571,"date":"2021-05-11T12:30:54","date_gmt":"2021-05-11T16:30:54","guid":{"rendered":"https:\/\/linitiative.ca\/International\/coronavirus-242-nouveaux-cas-et-258-guerisons-en-24h\/"},"modified":"2021-05-11T12:30:54","modified_gmt":"2021-05-11T16:30:54","slug":"coronavirus-242-nouveaux-cas-et-258-guerisons-en-24h","status":"publish","type":"post","link":"https:\/\/linitiative.ca\/International\/coronavirus-242-nouveaux-cas-et-258-guerisons-en-24h\/","title":{"rendered":"Coronavirus: 242 nouveaux cas et 258 gu\u00e9risons en 24H"},"content":{"rendered":"<p class=\"rtejustify\">Un total de 242 nouveaux cas d&rsquo;infection au coronavirus et de 258 gu\u00e9risons a \u00e9t\u00e9 enregistr\u00e9 au Maroc au cours des derni\u00e8res 24 heures, a annonc\u00e9 mardi le minist\u00e8re de la Sant\u00e9.<\/p>\n<p class=\"rtejustify\">Le nombre des personnes vaccin\u00e9es \u00e0 ce jour (1\u00e8re dose) a atteint 5.903.593, indique le minist\u00e8re dans son bulletin quotidien sur la situation de la Covid-19, relevant que les personnes qui ont \u00e9t\u00e9 compl\u00e8tement vaccin\u00e9es (1\u00e8re et 2\u00e8me doses) sont au nombre de 4.414.056. Ce nouveau bilan porte \u00e0 514.164 le nombre total des contaminations depuis le premier cas signal\u00e9 en mars 2020, tandis que le nombre des personnes r\u00e9tablies est pass\u00e9 \u00e0 501.404, soit un taux de gu\u00e9rison de 97,5%, pr\u00e9cise la m\u00eame source.<\/p>\n<p class=\"rtejustify\">Quant au nombre total des d\u00e9c\u00e8s, il est pass\u00e9 \u00e0 9.083 avec 6 nouveaux cas recens\u00e9s dans les r\u00e9gions de Tanger-T\u00e9touan-Al Hoceima (3), Casablanca-Settat (1), Marrakech-Safi (1) et Dar\u00e2a-Tafilalet (1). Les nouvelles contaminations ont \u00e9t\u00e9 enregistr\u00e9es \u00e0 Casablanca-Settat (162), Marrakech-Safi (26), Rabat-Sal\u00e9-K\u00e9nitra (21), B\u00e9ni Mellal-Kh\u00e9nifra (8), Tanger-T\u00e9touan-Al Hoceima (6), Souss-Massa (5), La\u00e2youne-Sakia El Hamra (5), l&rsquo;Oriental (5), Dakhla-Oued Eddahab (2), Dar\u00e2a-Tafilalet (1) et Guelmim-Oued Noun (1).<\/p>\n<p class=\"rtejustify\">Les cas actifs sont au nombre de 3.677, tandis que les cas s\u00e9v\u00e8res ou critiques ont atteint 225, dont 13 plac\u00e9s sous intubation.<\/p>\n<p class=\"rtejustify\">\u00a0<\/p>\n<p>Auteur: mbasraoui<br \/>\n<a href=\"https:\/\/www.leconomiste.com\/flash-infos\/coronavirus-242-nouveaux-cas-et-258-guerisons-en-24h\">Cliquez ici pour lire l&rsquo;article depuis sa source.<\/a><\/p>\n","protected":false},"excerpt":{"rendered":"<p>Un total de 242 nouveaux cas d&rsquo;infection au coronavirus et de 258 gu\u00e9risons a \u00e9t\u00e9 enregistr\u00e9 au Maroc au cours des derni\u00e8res 24 heures, a annonc\u00e9 mardi le minist\u00e8re de la Sant\u00e9. Le nombre des personnes vaccin\u00e9es \u00e0 ce jour (1\u00e8re dose) a atteint 5.903.593, indique le minist\u00e8re dans son bulletin quotidien sur la situation [&hellip;]<\/p>\n","protected":false},"author":1763,"featured_media":0,"comment_status":"closed","ping_status":"closed","sticky":false,"template":"","format":"standard","meta":{"fifu_image_url":"","fifu_image_alt":"","footnotes":""},"categories":[78,54],"tags":[],"class_list":["post-116571","post","type-post","status-publish","format-standard","hentry","category-economie","category-maroc"],"_links":{"self":[{"href":"https:\/\/linitiative.ca\/International\/wp-json\/wp\/v2\/posts\/116571","targetHints":{"allow":["GET"]}}],"collection":[{"href":"https:\/\/linitiative.ca\/International\/wp-json\/wp\/v2\/posts"}],"about":[{"href":"https:\/\/linitiative.ca\/International\/wp-json\/wp\/v2\/types\/post"}],"author":[{"embeddable":true,"href":"https:\/\/linitiative.ca\/International\/wp-json\/wp\/v2\/users\/1763"}],"replies":[{"embeddable":true,"href":"https:\/\/linitiative.ca\/International\/wp-json\/wp\/v2\/comments?post=116571"}],"version-history":[{"count":0,"href":"https:\/\/linitiative.ca\/International\/wp-json\/wp\/v2\/posts\/116571\/revisions"}],"wp:attachment":[{"href":"https:\/\/linitiative.ca\/International\/wp-json\/wp\/v2\/media?parent=116571"}],"wp:term":[{"taxonomy":"category","embeddable":true,"href":"https:\/\/linitiative.ca\/International\/wp-json\/wp\/v2\/categories?post=116571"},{"taxonomy":"post_tag","embeddable":true,"href":"https:\/\/linitiative.ca\/International\/wp-json\/wp\/v2\/tags?post=116571"}],"curies":[{"name":"wp","href":"https:\/\/api.w.org\/{rel}","templated":true}]}}