{"id":116572,"date":"2021-05-11T15:14:22","date_gmt":"2021-05-11T19:14:22","guid":{"rendered":"https:\/\/linitiative.ca\/International\/international-mahrez-dement-avoir-ete-agresse-a-londres\/"},"modified":"2021-05-11T15:14:22","modified_gmt":"2021-05-11T19:14:22","slug":"international-mahrez-dement-avoir-ete-agresse-a-londres","status":"publish","type":"post","link":"https:\/\/linitiative.ca\/International\/international-mahrez-dement-avoir-ete-agresse-a-londres\/","title":{"rendered":"International : Mahrez d\u00e9ment avoir \u00e9t\u00e9 agress\u00e9 \u00e0 Londres"},"content":{"rendered":"<div readability=\"32\">\n<p>Auteur : <span>Moumen A.<\/span> <span class=\"time\">mardi 11 mai 2021 15:05<\/span><\/p>\n<\/div>\n<div id=\"post_core\" readability=\"49\">\n<p>\u00a0Suite \u00e0 l\u2019information publi\u00e9e dans la presse anglaise et relay\u00e9e par plusieurs m\u00e9dias en Alg\u00e9rie\u00a0 au sujet d\u2019une tentative d\u2019agression dont il aurait fait objet \u00e0 sa sortie d\u2019un restaurant \u00e0 Londres,\u00a0 le capitaine d\u2019\u00e9quipe des Verts Riyad Mahrez a d\u00e9menti cette rumeur en pr\u00e9cisant qu\u2019il n\u2019\u00e9tait pas impliqu\u00e9 comme peuvent le montrer les photos de l\u2019accrochage qui a eu lieu entre un homme\u00a0 v\u00eatu d&rsquo;un surv\u00eatement noir \u00a0avec des agents de s\u00e9curit\u00e9.<\/p>\n<p><strong>\u00ab\u00a0Je n\u2019ai pas \u00e9t\u00e9 touch\u00e9, je me sens bien. \u00a0\u00bb<\/strong><\/p>\n<p>R\u00e9agissant sur son compte Instagram officiel Riyad Mahrez affirme \u00ab\u00a0Je voudrais juste apporter des pr\u00e9cisions au sujet de la situation d\u2019hier soir, apr\u00e8s avoir re\u00e7u de nombreux messages, je tiens \u00e0 pr\u00e9ciser que l\u2019altercation opposait des fans et des membres de la s\u00e9curit\u00e9.\u00a0 Apr\u00e8s que la situation soit sortie du contr\u00f4le. Je n\u2019ai pas \u00e9t\u00e9 touch\u00e9, je me sens bien. Merci.\u00a0\u00bb<\/p>\n<p><strong>Moumen A.<\/strong><\/p>\n<p><strong>Publi\u00e9 dans :<\/strong> <span>Riyad Mahrez<\/span><\/p>\n<\/div>\n<p>Auteur:<br \/>\n<a href=\"http:\/\/www.lebuteur.com\/article\/detail?titre=mahrez-dement-avoir-ete-agresse-a-londres&#038;id=100026&#038;utm_source=feedburner&#038;utm_medium=feed&#038;utm_campaign=Feed%3A+GalerieFArtciles+%28Les+derniers+articles++-+lebuteur.com%29\">Cliquez ici pour lire l&rsquo;article depuis sa source.<\/a><\/p>\n","protected":false},"excerpt":{"rendered":"<p>Auteur : Moumen A. mardi 11 mai 2021 15:05 \u00a0Suite \u00e0 l\u2019information publi\u00e9e dans la presse anglaise et relay\u00e9e par plusieurs m\u00e9dias en Alg\u00e9rie\u00a0 au sujet d\u2019une tentative d\u2019agression dont il aurait fait objet \u00e0 sa sortie d\u2019un restaurant \u00e0 Londres,\u00a0 le capitaine d\u2019\u00e9quipe des Verts Riyad Mahrez a d\u00e9menti cette rumeur en pr\u00e9cisant qu\u2019il [&hellip;]<\/p>\n","protected":false},"author":1738,"featured_media":0,"comment_status":"closed","ping_status":"closed","sticky":false,"template":"","format":"standard","meta":{"fifu_image_url":"\/\/cdn.lebuteur.com\/data\/images\/article\/thumbs\/large-mahrez-dement-avoir-ete-agresse-a-londres-6334c.jpg","fifu_image_alt":"International : Mahrez d\u00e9ment avoir \u00e9t\u00e9 agress\u00e9 \u00e0 Londres","footnotes":""},"categories":[53,75],"tags":[],"class_list":["post-116572","post","type-post","status-publish","format-standard","hentry","category-algerie","category-sport"],"_links":{"self":[{"href":"https:\/\/linitiative.ca\/International\/wp-json\/wp\/v2\/posts\/116572","targetHints":{"allow":["GET"]}}],"collection":[{"href":"https:\/\/linitiative.ca\/International\/wp-json\/wp\/v2\/posts"}],"about":[{"href":"https:\/\/linitiative.ca\/International\/wp-json\/wp\/v2\/types\/post"}],"author":[{"embeddable":true,"href":"https:\/\/linitiative.ca\/International\/wp-json\/wp\/v2\/users\/1738"}],"replies":[{"embeddable":true,"href":"https:\/\/linitiative.ca\/International\/wp-json\/wp\/v2\/comments?post=116572"}],"version-history":[{"count":0,"href":"https:\/\/linitiative.ca\/International\/wp-json\/wp\/v2\/posts\/116572\/revisions"}],"wp:attachment":[{"href":"https:\/\/linitiative.ca\/International\/wp-json\/wp\/v2\/media?parent=116572"}],"wp:term":[{"taxonomy":"category","embeddable":true,"href":"https:\/\/linitiative.ca\/International\/wp-json\/wp\/v2\/categories?post=116572"},{"taxonomy":"post_tag","embeddable":true,"href":"https:\/\/linitiative.ca\/International\/wp-json\/wp\/v2\/tags?post=116572"}],"curies":[{"name":"wp","href":"https:\/\/api.w.org\/{rel}","templated":true}]}}