{"id":116573,"date":"2021-05-11T15:14:24","date_gmt":"2021-05-11T19:14:24","guid":{"rendered":"https:\/\/linitiative.ca\/International\/pros-ol-un-algerien-pour-remplacer-depay-et-accompagner-slimani\/"},"modified":"2021-05-11T15:14:24","modified_gmt":"2021-05-11T19:14:24","slug":"pros-ol-un-algerien-pour-remplacer-depay-et-accompagner-slimani","status":"publish","type":"post","link":"https:\/\/linitiative.ca\/International\/pros-ol-un-algerien-pour-remplacer-depay-et-accompagner-slimani\/","title":{"rendered":"Pros : OL: Un Alg\u00e9rien pour remplacer Depay et accompagner Slimani ?"},"content":{"rendered":"<div readability=\"32\">\n<p>Auteur : <span class=\"time\">mardi 11 mai 2021 17:27<\/span><\/p>\n<\/div>\n<div id=\"post_core\" readability=\"41\">\n<p>Memphis Depay vit ses derniers jours avec l\u2019OL. Libre de tout contrat en juin prochain, le N\u00e9erlandais quittera Lyon pour satisfaire ses envies d\u2019ailleurs. La cellule de recrutement rhodanienne devrait s\u2019activer en coulisse pour lui d\u00e9goter un rempla\u00e7ant. Ce dernier pourrait \u00eatre un ancien joueur form\u00e9 au club. \u00c0 en croire les informations du m\u00e9dia turc Fotospor, l\u2019ancien joueur de l\u2019OL Rachid Ghezzal pourrait faire son grand retour. Il avait quitt\u00e9 Lyon en 2017 pour rejoindre Monaco, Leicester, puis la Fiorentina, avant de rebondir cette saison \u00e0 Besiktas. L\u2019Olympique lyonnais souhaiterait signer l\u2019international alg\u00e9rien d\u00e8s cet \u00e9t\u00e9. Le transfert pourrait atteindre la somme de 5 millions d\u2019euros. L\u2019actuel joueur du Besiktas r\u00e9alise une saison tr\u00e8s prolifique en Turquie. Avec ses 6 buts et ses 17 passes d\u00e9cisives en championnat, le fennec est un joueur cl\u00e9 dans la course au titre de son \u00e9quipe rapporte OnzeMondial.com.<\/p>\n<p><strong>Publi\u00e9 dans :<\/strong> <span>slimani<\/span><\/p>\n<\/div>\n<p>Auteur:<br \/>\n<a href=\"http:\/\/www.lebuteur.com\/article\/detail?titre=ol-un-algerien-pour-remplacer-depay-et-accompagner-slimani&#038;id=100027&#038;utm_source=feedburner&#038;utm_medium=feed&#038;utm_campaign=Feed%3A+GalerieFArtciles+%28Les+derniers+articles++-+lebuteur.com%29\">Cliquez ici pour lire l&rsquo;article depuis sa source.<\/a><\/p>\n","protected":false},"excerpt":{"rendered":"<p>Auteur : mardi 11 mai 2021 17:27 Memphis Depay vit ses derniers jours avec l\u2019OL. Libre de tout contrat en juin prochain, le N\u00e9erlandais quittera Lyon pour satisfaire ses envies d\u2019ailleurs. La cellule de recrutement rhodanienne devrait s\u2019activer en coulisse pour lui d\u00e9goter un rempla\u00e7ant. Ce dernier pourrait \u00eatre un ancien joueur form\u00e9 au club. [&hellip;]<\/p>\n","protected":false},"author":1738,"featured_media":0,"comment_status":"closed","ping_status":"closed","sticky":false,"template":"","format":"standard","meta":{"fifu_image_url":"\/\/cdn.lebuteur.com\/data\/images\/article\/thumbs\/large-ol-un-algerien-pour-remplacer-depay-et-accompagner-slimani-c97a8.jpg","fifu_image_alt":"Pros : OL: Un Alg\u00e9rien pour remplacer Depay et accompagner Slimani ?","footnotes":""},"categories":[53,75],"tags":[],"class_list":["post-116573","post","type-post","status-publish","format-standard","hentry","category-algerie","category-sport"],"_links":{"self":[{"href":"https:\/\/linitiative.ca\/International\/wp-json\/wp\/v2\/posts\/116573","targetHints":{"allow":["GET"]}}],"collection":[{"href":"https:\/\/linitiative.ca\/International\/wp-json\/wp\/v2\/posts"}],"about":[{"href":"https:\/\/linitiative.ca\/International\/wp-json\/wp\/v2\/types\/post"}],"author":[{"embeddable":true,"href":"https:\/\/linitiative.ca\/International\/wp-json\/wp\/v2\/users\/1738"}],"replies":[{"embeddable":true,"href":"https:\/\/linitiative.ca\/International\/wp-json\/wp\/v2\/comments?post=116573"}],"version-history":[{"count":0,"href":"https:\/\/linitiative.ca\/International\/wp-json\/wp\/v2\/posts\/116573\/revisions"}],"wp:attachment":[{"href":"https:\/\/linitiative.ca\/International\/wp-json\/wp\/v2\/media?parent=116573"}],"wp:term":[{"taxonomy":"category","embeddable":true,"href":"https:\/\/linitiative.ca\/International\/wp-json\/wp\/v2\/categories?post=116573"},{"taxonomy":"post_tag","embeddable":true,"href":"https:\/\/linitiative.ca\/International\/wp-json\/wp\/v2\/tags?post=116573"}],"curies":[{"name":"wp","href":"https:\/\/api.w.org\/{rel}","templated":true}]}}