{"id":116574,"date":"2021-05-11T15:14:26","date_gmt":"2021-05-11T19:14:26","guid":{"rendered":"https:\/\/linitiative.ca\/International\/pros-galatasaray-feghouli-est-fixe-pour-son-avenir\/"},"modified":"2021-05-11T15:14:26","modified_gmt":"2021-05-11T19:14:26","slug":"pros-galatasaray-feghouli-est-fixe-pour-son-avenir","status":"publish","type":"post","link":"https:\/\/linitiative.ca\/International\/pros-galatasaray-feghouli-est-fixe-pour-son-avenir\/","title":{"rendered":"Pros : Galatasaray: Feghouli est fix\u00e9 pour son avenir"},"content":{"rendered":"<div readability=\"32\">\n<p>Auteur : <span class=\"time\">mardi 11 mai 2021 17:38<\/span><\/p>\n<\/div>\n<div id=\"post_core\" readability=\"42\">\n<p>\u00e7a se complique de plus en plus pour Sofiane Feghouli avec son club du Galatsaray. Le joueur de l\u2019EN n\u2019a particip\u00e9 \u00e0 aucune des quatre derni\u00e8res rencontres de son \u00e9quipe. Du coup, la presse turque a \u00e9voqu\u00e9 le tr\u00e8s possible d\u00e9part du joueur de l\u2019\u00e9quipe cet \u00e9t\u00e9, d\u2019autant plus que Feghouli ne fait, d\u00e9sormais, plus partie des plans de Fatih Terim. Pour sa part, la direction du Galatsaray pourrait, pour des raisons financi\u00e8res, ne pas s\u2019opposer au d\u00e9part de son joueur Alg\u00e9rien.<\/p>\n<p><strong>Publi\u00e9 dans :<\/strong> <span>Feghouli<\/span><\/p>\n<\/div>\n<p>Auteur:<br \/>\n<a href=\"http:\/\/www.lebuteur.com\/article\/detail?titre=galatasaray-feghouli-est-fixe-pour-son-avenir&#038;id=100028&#038;utm_source=feedburner&#038;utm_medium=feed&#038;utm_campaign=Feed%3A+GalerieFArtciles+%28Les+derniers+articles++-+lebuteur.com%29\">Cliquez ici pour lire l&rsquo;article depuis sa source.<\/a><\/p>\n","protected":false},"excerpt":{"rendered":"<p>Auteur : mardi 11 mai 2021 17:38 \u00e7a se complique de plus en plus pour Sofiane Feghouli avec son club du Galatsaray. Le joueur de l\u2019EN n\u2019a particip\u00e9 \u00e0 aucune des quatre derni\u00e8res rencontres de son \u00e9quipe. Du coup, la presse turque a \u00e9voqu\u00e9 le tr\u00e8s possible d\u00e9part du joueur de l\u2019\u00e9quipe cet \u00e9t\u00e9, d\u2019autant [&hellip;]<\/p>\n","protected":false},"author":1738,"featured_media":0,"comment_status":"closed","ping_status":"closed","sticky":false,"template":"","format":"standard","meta":{"fifu_image_url":"\/\/cdn.lebuteur.com\/data\/images\/article\/thumbs\/large-galatasaray-feghouli-est-fixe-pour-son-avenir-51fb2.jpg","fifu_image_alt":"Pros : Galatasaray: Feghouli est fix\u00e9 pour son avenir","footnotes":""},"categories":[53,75],"tags":[],"class_list":["post-116574","post","type-post","status-publish","format-standard","hentry","category-algerie","category-sport"],"_links":{"self":[{"href":"https:\/\/linitiative.ca\/International\/wp-json\/wp\/v2\/posts\/116574","targetHints":{"allow":["GET"]}}],"collection":[{"href":"https:\/\/linitiative.ca\/International\/wp-json\/wp\/v2\/posts"}],"about":[{"href":"https:\/\/linitiative.ca\/International\/wp-json\/wp\/v2\/types\/post"}],"author":[{"embeddable":true,"href":"https:\/\/linitiative.ca\/International\/wp-json\/wp\/v2\/users\/1738"}],"replies":[{"embeddable":true,"href":"https:\/\/linitiative.ca\/International\/wp-json\/wp\/v2\/comments?post=116574"}],"version-history":[{"count":0,"href":"https:\/\/linitiative.ca\/International\/wp-json\/wp\/v2\/posts\/116574\/revisions"}],"wp:attachment":[{"href":"https:\/\/linitiative.ca\/International\/wp-json\/wp\/v2\/media?parent=116574"}],"wp:term":[{"taxonomy":"category","embeddable":true,"href":"https:\/\/linitiative.ca\/International\/wp-json\/wp\/v2\/categories?post=116574"},{"taxonomy":"post_tag","embeddable":true,"href":"https:\/\/linitiative.ca\/International\/wp-json\/wp\/v2\/tags?post=116574"}],"curies":[{"name":"wp","href":"https:\/\/api.w.org\/{rel}","templated":true}]}}