{"id":116575,"date":"2021-05-11T15:14:28","date_gmt":"2021-05-11T19:14:28","guid":{"rendered":"https:\/\/linitiative.ca\/International\/international-edf-une-surprise-benzema-deschamps-prend-la-parole\/"},"modified":"2021-05-11T15:14:28","modified_gmt":"2021-05-11T19:14:28","slug":"international-edf-une-surprise-benzema-deschamps-prend-la-parole","status":"publish","type":"post","link":"https:\/\/linitiative.ca\/International\/international-edf-une-surprise-benzema-deschamps-prend-la-parole\/","title":{"rendered":"International : EdF: Une surprise Benzema ? Deschamps prend la parole"},"content":{"rendered":"<div readability=\"32\">\n<p>Auteur : <span class=\"time\">mardi 11 mai 2021 17:56<\/span><\/p>\n<\/div>\n<div id=\"post_core\" readability=\"61\">\n<p>Dans huit jours, Didier Deschamps se retrouvera sous le feux des projecteurs. Face \u00e0 Nathalie Iannetta et Marie Portolano, le s\u00e9lectionneur fran\u00e7ais annoncera la liste des vingt-six joueurs s\u00e9lectionn\u00e9s pour disputer l\u2019Euro avec l\u2019\u00e9quipe de France. Avant cette \u00e9ch\u00e9ance, le Basque a livr\u00e9 une interview au m\u00e9dia allemand Kicker. Il a notamment discut\u00e9 des surprises qu\u2019il pourrait r\u00e9server. Les supporters de Karim Benzema verront-ils le retour de l\u2019attaquant du Real Madrid sous les couleurs tricolores pr\u00e8s de six ans apr\u00e8s sa derni\u00e8re apparition en Bleu ? A priori aucune chance, d\u2019autant que Didier Deschamps s\u2019est montr\u00e9 tr\u00e8s clair, il n\u2019est pas du genre \u00e0 faire des surprises. Du moins pas avec sa s\u00e9lection. \u00ab Je ne suis pas le P\u00e8re No\u00ebl et je ne suis pas l\u00e0 pour vous annoncer des surprises. \u00bb Le ton est donn\u00e9.<\/p>\n<p>Des inqui\u00e9tudes<\/p>\n<p>Le champion du monde 1998 (et 2018 sur le banc fran\u00e7ais) a en revanche de vraies incertitudes qui concernent les joueurs actuellement bless\u00e9s. \u00ab Il y a des joueurs comme Corentin Tolisso, qui sont toujours convalescents et je n\u2019ai pas toutes les informations sur leur \u00e9tat. \u00bb Mais pas de quoi paniquer pour Didier Deschamps qui rappelle qu\u2019une fois la liste annonc\u00e9e, \u00ab il y aura aussi des matchs apr\u00e8s\u00ab . Le s\u00e9lectionneur esp\u00e8re \u00ab que tout se passera bien \u00bb et qu\u2019aucun de ses hommes appel\u00e9s notamment \u00e0 disputer une finale de Coupe d\u2019Europe, ne se blessera.<\/p>\n<p>Et si Giroud se blesse ?<\/p>\n<p>Parmi les internationaux susceptibles de jouer la finale de la Ligue des champions ou de la Ligue Europa, on retrouve notamment Aymeric Laporte, Bernard Mendy, Paul Pogba et Anthony Martial, mais aussi N\u2019Golo Kant\u00e9, Kurt Zouma et Olivier Giroud. Et si ce dernier entrait et se blessait, Didier Deschamps le remplacerait-t-il num\u00e9riquement par Benzema ? Un sc\u00e9nario doublement cocasse auquel personne ne devrait pouvoir assister de son vivant rapporte football365.fr.<\/p>\n<p><strong>Publi\u00e9 dans :<\/strong> <span>benzema<\/span> <span>deschamps<\/span><\/p>\n<\/div>\n<p>Auteur:<br \/>\n<a href=\"http:\/\/www.lebuteur.com\/article\/detail?titre=edf-une-surprise-benzema-deschamps-prend-la-parole&#038;id=100029&#038;utm_source=feedburner&#038;utm_medium=feed&#038;utm_campaign=Feed%3A+GalerieFArtciles+%28Les+derniers+articles++-+lebuteur.com%29\">Cliquez ici pour lire l&rsquo;article depuis sa source.<\/a><\/p>\n","protected":false},"excerpt":{"rendered":"<p>Auteur : mardi 11 mai 2021 17:56 Dans huit jours, Didier Deschamps se retrouvera sous le feux des projecteurs. Face \u00e0 Nathalie Iannetta et Marie Portolano, le s\u00e9lectionneur fran\u00e7ais annoncera la liste des vingt-six joueurs s\u00e9lectionn\u00e9s pour disputer l\u2019Euro avec l\u2019\u00e9quipe de France. Avant cette \u00e9ch\u00e9ance, le Basque a livr\u00e9 une interview au m\u00e9dia allemand [&hellip;]<\/p>\n","protected":false},"author":1738,"featured_media":0,"comment_status":"closed","ping_status":"closed","sticky":false,"template":"","format":"standard","meta":{"fifu_image_url":"\/\/cdn.lebuteur.com\/data\/images\/article\/thumbs\/large-edf-une-surprise-benzema-deschamps-prend-la-parole-1d4f8.jpg","fifu_image_alt":"International : EdF: Une surprise Benzema ? Deschamps prend la parole","footnotes":""},"categories":[53,75],"tags":[],"class_list":["post-116575","post","type-post","status-publish","format-standard","hentry","category-algerie","category-sport"],"_links":{"self":[{"href":"https:\/\/linitiative.ca\/International\/wp-json\/wp\/v2\/posts\/116575","targetHints":{"allow":["GET"]}}],"collection":[{"href":"https:\/\/linitiative.ca\/International\/wp-json\/wp\/v2\/posts"}],"about":[{"href":"https:\/\/linitiative.ca\/International\/wp-json\/wp\/v2\/types\/post"}],"author":[{"embeddable":true,"href":"https:\/\/linitiative.ca\/International\/wp-json\/wp\/v2\/users\/1738"}],"replies":[{"embeddable":true,"href":"https:\/\/linitiative.ca\/International\/wp-json\/wp\/v2\/comments?post=116575"}],"version-history":[{"count":0,"href":"https:\/\/linitiative.ca\/International\/wp-json\/wp\/v2\/posts\/116575\/revisions"}],"wp:attachment":[{"href":"https:\/\/linitiative.ca\/International\/wp-json\/wp\/v2\/media?parent=116575"}],"wp:term":[{"taxonomy":"category","embeddable":true,"href":"https:\/\/linitiative.ca\/International\/wp-json\/wp\/v2\/categories?post=116575"},{"taxonomy":"post_tag","embeddable":true,"href":"https:\/\/linitiative.ca\/International\/wp-json\/wp\/v2\/tags?post=116575"}],"curies":[{"name":"wp","href":"https:\/\/api.w.org\/{rel}","templated":true}]}}