{"id":116576,"date":"2021-05-11T15:14:30","date_gmt":"2021-05-11T19:14:30","guid":{"rendered":"https:\/\/linitiative.ca\/International\/international-aymeric-laporte-a-snobe-la-france-pour-jouer-leuro-avec-lespagne\/"},"modified":"2021-05-11T15:14:30","modified_gmt":"2021-05-11T19:14:30","slug":"international-aymeric-laporte-a-snobe-la-france-pour-jouer-leuro-avec-lespagne","status":"publish","type":"post","link":"https:\/\/linitiative.ca\/International\/international-aymeric-laporte-a-snobe-la-france-pour-jouer-leuro-avec-lespagne\/","title":{"rendered":"International : Aymeric Laporte a snob\u00e9 la France pour jouer l&rsquo;Euro avec l&rsquo;Espagne"},"content":{"rendered":"<div readability=\"32\">\n<p>Auteur : <span class=\"time\">mardi 11 mai 2021 19:06<\/span><\/p>\n<\/div>\n<div id=\"post_core\" readability=\"39\">\n<p>Le Conseil des ministres espagnol a valid\u00e9 la naturalisation du d\u00e9fenseur fran\u00e7ais de Manchester City Aymeric Laporte, ont confirm\u00e9 mardi des sources au sein de la f\u00e9d\u00e9ration espagnole \u00e0 l&rsquo;AFP, et pourrait disputer l&rsquo;Euro (11 juin &#8211; 11 juillet) avec l&rsquo;Espagne. Form\u00e9 \u00e0 l&rsquo;Athletic Bilbao de 2010 \u00e0 2018 avant son d\u00e9part pour l&rsquo;Angleterre, Laporte a \u00e9t\u00e9 appel\u00e9 \u00e0 trois reprises en \u00e9quipe de France entre 2016 et 2020 mais n&rsquo;a jamais disput\u00e9 la moindre minute sous le maillot bleu, et pourrait donc pr\u00e9tendre \u00e0 une place au sein de la Roja comme l&rsquo;indique Sport24.<\/p>\n<p><strong>Publi\u00e9 dans :<\/strong> <span>Espagne<\/span><\/p>\n<\/div>\n<p>Auteur:<br \/>\n<a href=\"http:\/\/www.lebuteur.com\/article\/detail?titre=aymeric-laporte-a-snobe-la-france-pour-jouer-leuro-avec-lespagne&#038;id=100030&#038;utm_source=feedburner&#038;utm_medium=feed&#038;utm_campaign=Feed%3A+GalerieFArtciles+%28Les+derniers+articles++-+lebuteur.com%29\">Cliquez ici pour lire l&rsquo;article depuis sa source.<\/a><\/p>\n","protected":false},"excerpt":{"rendered":"<p>Auteur : mardi 11 mai 2021 19:06 Le Conseil des ministres espagnol a valid\u00e9 la naturalisation du d\u00e9fenseur fran\u00e7ais de Manchester City Aymeric Laporte, ont confirm\u00e9 mardi des sources au sein de la f\u00e9d\u00e9ration espagnole \u00e0 l&rsquo;AFP, et pourrait disputer l&rsquo;Euro (11 juin &#8211; 11 juillet) avec l&rsquo;Espagne. Form\u00e9 \u00e0 l&rsquo;Athletic Bilbao de 2010 \u00e0 [&hellip;]<\/p>\n","protected":false},"author":1738,"featured_media":0,"comment_status":"closed","ping_status":"closed","sticky":false,"template":"","format":"standard","meta":{"fifu_image_url":"\/\/cdn.lebuteur.com\/data\/images\/article\/thumbs\/large-aymeric-laporte-a-snobe-la-france-pour-jouer-leuro-avec-lespagne-cd97e.jpg","fifu_image_alt":"International : Aymeric Laporte a snob\u00e9 la France pour jouer l'Euro avec l'Espagne","footnotes":""},"categories":[53,75],"tags":[],"class_list":["post-116576","post","type-post","status-publish","format-standard","hentry","category-algerie","category-sport"],"_links":{"self":[{"href":"https:\/\/linitiative.ca\/International\/wp-json\/wp\/v2\/posts\/116576","targetHints":{"allow":["GET"]}}],"collection":[{"href":"https:\/\/linitiative.ca\/International\/wp-json\/wp\/v2\/posts"}],"about":[{"href":"https:\/\/linitiative.ca\/International\/wp-json\/wp\/v2\/types\/post"}],"author":[{"embeddable":true,"href":"https:\/\/linitiative.ca\/International\/wp-json\/wp\/v2\/users\/1738"}],"replies":[{"embeddable":true,"href":"https:\/\/linitiative.ca\/International\/wp-json\/wp\/v2\/comments?post=116576"}],"version-history":[{"count":0,"href":"https:\/\/linitiative.ca\/International\/wp-json\/wp\/v2\/posts\/116576\/revisions"}],"wp:attachment":[{"href":"https:\/\/linitiative.ca\/International\/wp-json\/wp\/v2\/media?parent=116576"}],"wp:term":[{"taxonomy":"category","embeddable":true,"href":"https:\/\/linitiative.ca\/International\/wp-json\/wp\/v2\/categories?post=116576"},{"taxonomy":"post_tag","embeddable":true,"href":"https:\/\/linitiative.ca\/International\/wp-json\/wp\/v2\/tags?post=116576"}],"curies":[{"name":"wp","href":"https:\/\/api.w.org\/{rel}","templated":true}]}}