{"id":116580,"date":"2021-05-11T05:59:00","date_gmt":"2021-05-11T09:59:00","guid":{"rendered":"https:\/\/linitiative.ca\/International\/kais-saied-la-semaine-prochaine-a-paris-pour-le-sommet-sur-les-economies-africaines\/"},"modified":"2021-05-11T05:59:00","modified_gmt":"2021-05-11T09:59:00","slug":"kais-saied-la-semaine-prochaine-a-paris-pour-le-sommet-sur-les-economies-africaines","status":"publish","type":"post","link":"https:\/\/linitiative.ca\/International\/kais-saied-la-semaine-prochaine-a-paris-pour-le-sommet-sur-les-economies-africaines\/","title":{"rendered":"Kais Sa\u00efed, la semaine prochaine \u00e0 Paris pour le sommet sur les \u00e9conomies africaines"},"content":{"rendered":"<p>Le pr\u00e9sident Kais Sa\u00efed est attendu d\u00e9but de la semaine prochaine dans la capitale fran\u00e7aise o\u00f9 se tiendra le mardi 18 mai 2021 le sommet sur le financement des \u00e9conomies africaines subsahariennes. Le pr\u00e9sident Emmanuel Macron y a convi\u00e9 une dizaine de ses homologues africains ainsi que des dirigeants europ\u00e9ens, la directrice g\u00e9n\u00e9rale du FMI, le pr\u00e9sident de la Banque mondiale et le pr\u00e9sident de la Banque africaine, notamment. Les travaux porteront sur le traitement de la dette publique et l\u2019engagement des r\u00e9formes n\u00e9cessaires. Selon le FMI, les pays d&rsquo;Afrique sub-saharienne pourraient se trouver face \u00e0 un d\u00e9ficit de financement de 290 milliards de dollars d&rsquo;ici 2023.\u00a0<\/p>\n<p>Un entretien Sa\u00efed \u2013 Macron est pr\u00e9vu \u00e0 cette occasion apprend <em>Leaders<\/em> de source diplomatique \u00e0 Paris. Le programme du pr\u00e9sident Sa\u00efed \u00e0 Paris pr\u00e9voit-il des rencontres avec de premiers dirigeants d\u2019institutions financi\u00e8res r\u00e9gionales et internationales pr\u00e9sents (FMI, Banque mondiale, BAD&#8230;) ? Aucune pr\u00e9cision n\u2019a \u00e9t\u00e9 obtenue \u00e0 ce sujet.<\/p>\n<p>Lundi 17 mai, Paris accueille, \u00e0 la veille du sommet sur les \u00e9conomies africaines, deux autres manifestations importantes. La premi\u00e8re est <a href=\"https:\/\/parispeaceforum.org\/fr\/2021\/05\/05\/participez-a-la-reunion-de-printemps-du-forum-de-paris-sur-la-paix\/\">la session du printemps du Forum de Paris sur la Paix<\/a> devant mettre l\u2019accent sur le renforcement du dialogue Nord-Sud sur les d\u00e9fis critiques de 2021 : vaccins, dette, climat.<br \/>La deuxi\u00e8me, est la conf\u00e9rence internationale de soutien \u00e0 la transition soudanaise. Lundi, le FMI a approuv\u00e9 lundi un plan de financement qui \u00abcontribuera \u00e0 mobiliser les ressources n\u00e9cessaires au FMI pour couvrir sa part d\u2019all\u00e8gement de la dette\u00bb du Soudan.<\/p>\n<h2>Restructurer la dette africaine et relancer les r\u00e9formes<\/h2>\n<p>Insistant sur le choc subit par le continent africain depuis 2020, le pr\u00e9sident Macron a r\u00e9cemment soulign\u00e9 le \u00ab ralentissement tr\u00e8s fort sur un continent en pleine expansion d\u00e9mographique \u00bb.\u00a0 \u00abNous devons absolument inventer pour les 17 et 18 mai prochains un New Deal du financement de l&rsquo;Afrique, fond\u00e9 sur des solutions profond\u00e9ment novatrices\u00bb, a-t-il d\u00e9clar\u00e9. \u00abSans quoi nous laisserons le continent africain face \u00e0 la pauvret\u00e9 (&#8230;) face \u00e0 la r\u00e9duction des opportunit\u00e9s \u00e9conomiques, une migration subie et l&rsquo;expansion du terrorisme, et cela je ne veux pas m&rsquo;y r\u00e9soudre\u00bb, a-t-il ajout\u00e9. Lundi 17 mai, Paris accueille \u00e0 la veille du sommet sur les \u00e9conomies africaines<br \/>\u00a0<\/p>\n<p>Auteur:<br \/>\n<a href=\"https:\/\/www.leaders.com.tn\/article\/31858-kais-saied-la-semaine-prochaine-a-paris-pour-le-sommet-sur-les-economies-africaines\">Cliquez ici pour lire l&rsquo;article depuis sa source.<\/a><\/p>\n","protected":false},"excerpt":{"rendered":"<p>Le pr\u00e9sident Kais Sa\u00efed est attendu d\u00e9but de la semaine prochaine dans la capitale fran\u00e7aise o\u00f9 se tiendra le mardi 18 mai 2021 le sommet sur le financement des \u00e9conomies africaines subsahariennes. Le pr\u00e9sident Emmanuel Macron y a convi\u00e9 une dizaine de ses homologues africains ainsi que des dirigeants europ\u00e9ens, la directrice g\u00e9n\u00e9rale du FMI, [&hellip;]<\/p>\n","protected":false},"author":1772,"featured_media":0,"comment_status":"closed","ping_status":"closed","sticky":false,"template":"","format":"standard","meta":{"fifu_image_url":"","fifu_image_alt":"","footnotes":""},"categories":[73,55],"tags":[],"class_list":["post-116580","post","type-post","status-publish","format-standard","hentry","category-actualite","category-tunisie"],"_links":{"self":[{"href":"https:\/\/linitiative.ca\/International\/wp-json\/wp\/v2\/posts\/116580","targetHints":{"allow":["GET"]}}],"collection":[{"href":"https:\/\/linitiative.ca\/International\/wp-json\/wp\/v2\/posts"}],"about":[{"href":"https:\/\/linitiative.ca\/International\/wp-json\/wp\/v2\/types\/post"}],"author":[{"embeddable":true,"href":"https:\/\/linitiative.ca\/International\/wp-json\/wp\/v2\/users\/1772"}],"replies":[{"embeddable":true,"href":"https:\/\/linitiative.ca\/International\/wp-json\/wp\/v2\/comments?post=116580"}],"version-history":[{"count":0,"href":"https:\/\/linitiative.ca\/International\/wp-json\/wp\/v2\/posts\/116580\/revisions"}],"wp:attachment":[{"href":"https:\/\/linitiative.ca\/International\/wp-json\/wp\/v2\/media?parent=116580"}],"wp:term":[{"taxonomy":"category","embeddable":true,"href":"https:\/\/linitiative.ca\/International\/wp-json\/wp\/v2\/categories?post=116580"},{"taxonomy":"post_tag","embeddable":true,"href":"https:\/\/linitiative.ca\/International\/wp-json\/wp\/v2\/tags?post=116580"}],"curies":[{"name":"wp","href":"https:\/\/api.w.org\/{rel}","templated":true}]}}