{"id":116583,"date":"2021-05-11T06:00:00","date_gmt":"2021-05-11T10:00:00","guid":{"rendered":"https:\/\/linitiative.ca\/International\/frontieres-closes\/"},"modified":"2021-05-11T06:00:00","modified_gmt":"2021-05-11T10:00:00","slug":"frontieres-closes","status":"publish","type":"post","link":"https:\/\/linitiative.ca\/International\/frontieres-closes\/","title":{"rendered":"Fronti\u00e8res closes"},"content":{"rendered":"<p>C\u2019est peu dire que les Alg\u00e9riens qui sont \u00e0 l&rsquo;\u00e9tranger, qui y vivent ou y sont bloqu\u00e9s souffrent de la fermeture des fronti\u00e8res. Que ce soit une strat\u00e9gie pour combattre l\u2019entr\u00e9e des variants, saha. Mais par o\u00f9 donc sont arriv\u00e9s les variants qu&rsquo;on signale ?<br \/>A. T.<\/p>\n<p>Auteur:<br \/>\n<a href=\"https:\/\/www.lesoirdalgerie.com\/digoutage\/frontieres-closes-60955\">Cliquez ici pour lire l&rsquo;article depuis sa source.<\/a><\/p>\n","protected":false},"excerpt":{"rendered":"<p>C\u2019est peu dire que les Alg\u00e9riens qui sont \u00e0 l&rsquo;\u00e9tranger, qui y vivent ou y sont bloqu\u00e9s souffrent de la fermeture des fronti\u00e8res. Que ce soit une strat\u00e9gie pour combattre l\u2019entr\u00e9e des variants, saha. Mais par o\u00f9 donc sont arriv\u00e9s les variants qu&rsquo;on signale ?A. T. Auteur: Cliquez ici pour lire l&rsquo;article depuis sa source.<\/p>\n","protected":false},"author":1741,"featured_media":0,"comment_status":"closed","ping_status":"closed","sticky":false,"template":"","format":"standard","meta":{"fifu_image_url":"","fifu_image_alt":"","footnotes":""},"categories":[73,53],"tags":[],"class_list":["post-116583","post","type-post","status-publish","format-standard","hentry","category-actualite","category-algerie"],"_links":{"self":[{"href":"https:\/\/linitiative.ca\/International\/wp-json\/wp\/v2\/posts\/116583","targetHints":{"allow":["GET"]}}],"collection":[{"href":"https:\/\/linitiative.ca\/International\/wp-json\/wp\/v2\/posts"}],"about":[{"href":"https:\/\/linitiative.ca\/International\/wp-json\/wp\/v2\/types\/post"}],"author":[{"embeddable":true,"href":"https:\/\/linitiative.ca\/International\/wp-json\/wp\/v2\/users\/1741"}],"replies":[{"embeddable":true,"href":"https:\/\/linitiative.ca\/International\/wp-json\/wp\/v2\/comments?post=116583"}],"version-history":[{"count":0,"href":"https:\/\/linitiative.ca\/International\/wp-json\/wp\/v2\/posts\/116583\/revisions"}],"wp:attachment":[{"href":"https:\/\/linitiative.ca\/International\/wp-json\/wp\/v2\/media?parent=116583"}],"wp:term":[{"taxonomy":"category","embeddable":true,"href":"https:\/\/linitiative.ca\/International\/wp-json\/wp\/v2\/categories?post=116583"},{"taxonomy":"post_tag","embeddable":true,"href":"https:\/\/linitiative.ca\/International\/wp-json\/wp\/v2\/tags?post=116583"}],"curies":[{"name":"wp","href":"https:\/\/api.w.org\/{rel}","templated":true}]}}