{"id":116586,"date":"2021-05-11T11:27:52","date_gmt":"2021-05-11T15:27:52","guid":{"rendered":"https:\/\/linitiative.ca\/International\/coronavirus-60-des-patients-hospitalises-presentent-encore-des-symptomes-6-mois-apres\/"},"modified":"2021-05-11T11:27:52","modified_gmt":"2021-05-11T15:27:52","slug":"coronavirus-60-des-patients-hospitalises-presentent-encore-des-symptomes-6-mois-apres","status":"publish","type":"post","link":"https:\/\/linitiative.ca\/International\/coronavirus-60-des-patients-hospitalises-presentent-encore-des-symptomes-6-mois-apres\/","title":{"rendered":"Coronavirus :  60% des patients hospitalis\u00e9s pr\u00e9sentent encore des sympt\u00f4mes 6 mois apr\u00e8s"},"content":{"rendered":"<p><strong>Une r\u00e9cente \u00e9tude men\u00e9e en France confirme la persistance de certains sympt\u00f4mes du coronavirus sur une longue dur\u00e9e chez les personnes ayant \u00e9t\u00e9 hospitalis\u00e9es. Les d\u00e9tails.<\/strong><\/p>\n<div class=\"c10\">\n<\/div>\n<p>Cette \u00e9tude men\u00e9e en France par des chercheurs de l\u2019Inserm\/AP-HP\/Universit\u00e9 de Paris, et publi\u00e9e le 10 mai dans la revue Clinical Microbiology and Infection, r\u00e9v\u00e8le que 60\u00a0% des patients hospitalis\u00e9s \u00e0 cause du Covid-19\u00a0sont toujours affect\u00e9s par au moins un sympt\u00f4me six mois apr\u00e8s infection. On apprend qu\u2019il s\u2019agit le plus souvent de fatigue, de douleurs ou de mal \u00e0 respirer. Les auteurs de l\u2019\u00e9tude ont en effet suivi les patients au long terme, avec des visites de contr\u00f4le 3 et 6 mois apr\u00e8s leur infection initiale. \u00ab\u00a0Tous avaient \u00e9t\u00e9 hospitalis\u00e9s (en soins intensifs ou non) pour un Covid-19 confirm\u00e9 virologiquement\u00a0\u00bb, apprend-t-on aussi.<\/p>\n<p><strong>Lire aussi| <a href=\"https:\/\/www.challenge.ma\/etats-unis-le-vaccin-de-pfizer-biontech-etendu-aux-12-15-ans-184226\/\">\u00c9tats-Unis : le vaccin de Pfizer\/BioNTech \u00e9tendu aux 12-15 ans<\/a><\/strong><\/p>\n<p>Force est de noter que les r\u00e9sultats de l\u2019\u00e9tude sont bas\u00e9s sur 1137 patients suivis dans 63 centres. \u00ab\u00a0La persistance d\u2019au moins trois sympt\u00f4mes six mois apr\u00e8s l\u2019infection\u00a0est plus fr\u00e9quente chez les personnes dont la maladie Covid-19 a n\u00e9cessit\u00e9 un s\u00e9jour en r\u00e9animation par rapport \u00e0 celles qui ont \u00e9t\u00e9 hospitalis\u00e9es dans un service de m\u00e9decine, et chez les patients les plus symptomatiques le jour de l\u2019admission \u00e0 l\u2019h\u00f4pital\u00a0\u00bb, d\u00e9taille l\u2019\u00e9tude. Aussi, pr\u00e9cisons que les auteurs de cette enqu\u00eate n\u2019ont pas observ\u00e9 des signes d\u2019am\u00e9lioration significative au fil du temps. \u00ab\u00a0655 patients pr\u00e9sentaient des sympt\u00f4mes trois mois apr\u00e8s la phase aigu\u00eb de la maladie, et ils \u00e9taient encore 639 \u00e0 six mois\u00a0\u00bb, note-t-on. L\u2019enqu\u00eate r\u00e9v\u00e8le de m\u00eame que ce sont les femmes qui sont plus expos\u00e9es. \u00ab\u00a0Si les hommes sont plus \u00e0 risque de faire des formes graves, les femmes semblent plus \u00e0 risque de souffrir de sympt\u00f4mes persistants dans la dur\u00e9e\u00a0\u00bb, soulignent les auteurs de l\u2019\u00e9tude.<\/p>\n<p><strong>Lire aussi| <a href=\"https:\/\/www.challenge.ma\/?p=184267&amp;preview=true&amp;_thumbnail_id=177683\">Business de vaccins chinois : le d\u00e9menti formel de Samir Machour, Senior Vice-pr\u00e9sident de Samsung Biologics<\/a><\/strong><\/p>\n<p>Toutefois, l\u2019enqu\u00eate montre que l\u2019\u00e2ge et un \u00e9tat de sant\u00e9 d\u00e9grad\u00e9 avant la phase aigu\u00eb de Covid, ne sont pas li\u00e9s au risque de d\u00e9velopper une forme longue de la maladie. \u00ab\u00a0Nous allons poursuivre le suivi des patients inclus dans French Covid jusqu\u2019\u00e0 18 mois apr\u00e8s l\u2019infection, en proposant \u00e9galement des tests \u00e9valuant les fonctions neuro-cognitives\u00bb, fait remarquer Jade Ghosn, coordinatrice de la cohorte et professeur au sein du service des maladies infectieuses et tropicales de l\u2019H\u00f4pital Bichat Claude-Bernard AP-HP. Notons que cette \u00e9tude vient s\u2019ajouter aux nombreuses autres d\u00e9j\u00e0 r\u00e9alis\u00e9es depuis le d\u00e9but de l\u2019apparition du coronavirus.<\/p>\n<p>Auteur: challenge<br \/>\n<a href=\"https:\/\/www.challenge.ma\/coronavirus-60-des-patients-hospitalises-presentent-encore-des-symptomes-6-mois-apres-184314\/\">Cliquez ici pour lire l&rsquo;article depuis sa source.<\/a><\/p>\n","protected":false},"excerpt":{"rendered":"<p>Une r\u00e9cente \u00e9tude men\u00e9e en France confirme la persistance de certains sympt\u00f4mes du coronavirus sur une longue dur\u00e9e chez les personnes ayant \u00e9t\u00e9 hospitalis\u00e9es. Les d\u00e9tails. Cette \u00e9tude men\u00e9e en France par des chercheurs de l\u2019Inserm\/AP-HP\/Universit\u00e9 de Paris, et publi\u00e9e le 10 mai dans la revue Clinical Microbiology and Infection, r\u00e9v\u00e8le que 60\u00a0% des patients [&hellip;]<\/p>\n","protected":false},"author":1787,"featured_media":0,"comment_status":"closed","ping_status":"closed","sticky":false,"template":"","format":"standard","meta":{"fifu_image_url":"","fifu_image_alt":"","footnotes":""},"categories":[78,54],"tags":[],"class_list":["post-116586","post","type-post","status-publish","format-standard","hentry","category-economie","category-maroc"],"_links":{"self":[{"href":"https:\/\/linitiative.ca\/International\/wp-json\/wp\/v2\/posts\/116586","targetHints":{"allow":["GET"]}}],"collection":[{"href":"https:\/\/linitiative.ca\/International\/wp-json\/wp\/v2\/posts"}],"about":[{"href":"https:\/\/linitiative.ca\/International\/wp-json\/wp\/v2\/types\/post"}],"author":[{"embeddable":true,"href":"https:\/\/linitiative.ca\/International\/wp-json\/wp\/v2\/users\/1787"}],"replies":[{"embeddable":true,"href":"https:\/\/linitiative.ca\/International\/wp-json\/wp\/v2\/comments?post=116586"}],"version-history":[{"count":0,"href":"https:\/\/linitiative.ca\/International\/wp-json\/wp\/v2\/posts\/116586\/revisions"}],"wp:attachment":[{"href":"https:\/\/linitiative.ca\/International\/wp-json\/wp\/v2\/media?parent=116586"}],"wp:term":[{"taxonomy":"category","embeddable":true,"href":"https:\/\/linitiative.ca\/International\/wp-json\/wp\/v2\/categories?post=116586"},{"taxonomy":"post_tag","embeddable":true,"href":"https:\/\/linitiative.ca\/International\/wp-json\/wp\/v2\/tags?post=116586"}],"curies":[{"name":"wp","href":"https:\/\/api.w.org\/{rel}","templated":true}]}}