{"id":116590,"date":"2021-05-11T16:21:19","date_gmt":"2021-05-11T20:21:19","guid":{"rendered":"https:\/\/linitiative.ca\/International\/hichem-mechichi-a-la-rencontre-euro-africaine-sur-la-migration-photos-la-tunisie-ne-sera-pas-une-terre-dasile\/"},"modified":"2021-05-11T16:21:19","modified_gmt":"2021-05-11T20:21:19","slug":"hichem-mechichi-a-la-rencontre-euro-africaine-sur-la-migration-photos-la-tunisie-ne-sera-pas-une-terre-dasile","status":"publish","type":"post","link":"https:\/\/linitiative.ca\/International\/hichem-mechichi-a-la-rencontre-euro-africaine-sur-la-migration-photos-la-tunisie-ne-sera-pas-une-terre-dasile\/","title":{"rendered":"Hichem Mechichi \u00e0 la rencontre euro-africaine sur la migration [PHOTOS] : \u00ab la Tunisie ne sera pas une terre d\u2019asile \u00bb"},"content":{"rendered":"<div class=\"post-cont-in left relative\">\n<div id=\"post-info-wrap\" class=\"left relative post-info-out\">\n<div class=\"post-info-img left relative\"><img decoding=\"async\" alt=\"\" src=\"https:\/\/secure.gravatar.com\/avatar\/ea481d7287ad38ca1787f44b5bb1b70e?s=50&amp;d=mm&amp;r=g\" srcset=\"https:\/\/secure.gravatar.com\/avatar\/ea481d7287ad38ca1787f44b5bb1b70e?s=100&amp;d=mm&amp;r=g 2x\" class=\"avatar avatar-50 photo\" height=\"50\" width=\"50\" loading=\"lazy\"\/><\/div>\n<div class=\"post-info-in\">\n<div class=\"post-info-right left relative post-info-name left relative\"><span><span class=\"post-info-text\">Par<\/span> <span class=\"author-name vcard fn author\"><a href=\"https:\/\/www.tunisienumerique.com\/author\/rania-ben-slimane\/\" title=\"Articles par rania ben slimane\" rel=\"author\">rania ben slimane<\/a><\/span><\/span> <span class=\"post-date updated\"><time class=\"post-date updated\" datetime=\"2021-05-11\">\u00a0| Il y a 44 minutes<\/time><\/span><br \/>\n<meta itemprop=\"dateModified\" content=\"2021-05-11\"\/><\/div>\n<div class=\"left relative\"><button id=\"listenButton1\" class=\"responsivevoice-button\" type=\"button\" value=\"Play\" title=\"\u00c9coutez l'article\"><span>\ud83d\udd0a \u00c9coutez l&rsquo;article<\/span><\/button>\n<\/div>\n<\/div>\n<\/div>\n<p>Le Chef du gouvernement, par ailleurs ministre de l\u2019Int\u00e9rieur par int\u00e9rim, Hichem Mechichi a particip\u00e9 aux activit\u00e9s de la rencontre euro-africaine sur la migration tenue au Centre culturel \u201cPleiem\u201d de la capitale portugaise, Lisbonne.<\/p>\n<div class=\"code-block code-block-1 c4\">\n <ins class=\"adsbygoogle c3\" data-ad-layout=\"in-article\" data-ad-format=\"fluid\" data-ad-client=\"ca-pub-2102118777505746\" data-ad-slot=\"7301775417\"\/>\n<\/div>\n<p>Monsieur Hichem Mechichi a prononc\u00e9 un discours \u00e0 cette occasion, dans lequel il a soulign\u00e9 que la r\u00e9\u00e9mergence des zones de conflit, les troubles sociaux, l\u2019exacerbation de la disparit\u00e9 de d\u00e9veloppement entre les rives nord et le sud de la M\u00e9diterran\u00e9e et les effets d\u00e9vastateurs de l\u2019\u00e9pid\u00e9mie de la Covid-19, ont conduit \u00e0 l\u2019\u00e9mergence d\u2019une nouvelle r\u00e9alit\u00e9 internationale caract\u00e9ris\u00e9e par le ph\u00e9nom\u00e8ne de l\u2019immigration clandestine et ill\u00e9gale.<\/p>\n<p>Il a \u00e9galement estim\u00e9 que la Tunisie croit en la n\u00e9cessit\u00e9 de comprendre l\u2019immigration dans le cadre d\u2019une approche globale, car elle ne doit pas \u00eatre consid\u00e9r\u00e9e comme une menace permanente, mais plut\u00f4t comme un facteur de d\u00e9veloppement \u00e9conomique, social et culturel et un facteur positif de rapprochement entre les peuples.<\/p>\n<p>Expliquant que la gestion des migrations ne doit pas se limiter \u00e0 l\u2019aspect s\u00e9curitaire, mais doit \u00eatre comprise, \u00e0 travers la logique du partenariat en s\u2019attaquant aux causes profondes de ce ph\u00e9nom\u00e8ne, notamment l\u2019exclusion sociale, la marginalisation et le manque de perspectives.<\/p>\n<p>Le Chef du gouvernement a, en outre, not\u00e9 que la Tunisie a pris en consid\u00e9ration les aspects s\u00e9curitaires des migrations l\u00e9gales, coordonn\u00e9es et organis\u00e9es, ainsi que les dimensions li\u00e9es \u00e0 la formation professionnelle et au d\u00e9veloppement des solidarit\u00e9s dans les pays de la r\u00e9gion.<\/p>\n<p>Ajoutant que la Tunisie s\u2019est engag\u00e9e dans la mise en \u0153uvre d\u2019une strat\u00e9gie globale visant \u00e0 r\u00e9duire progressivement ce ph\u00e9nom\u00e8ne.<\/p>\n<p>Selon M. Mechichi, la Tunisie rejette la mise en place de \u201ccentres d\u2019h\u00e9bergement\u201d sur son territoire pour les immigr\u00e9s \u00e9trangers se rendant en Europe, et n\u2019est pas du tout pr\u00eate \u00e0 accepter des ressortissants d\u2019autres pays.<\/p>\n<p>De m\u00eame, qu\u2019elle s\u2019oppose \u00e0 toute ing\u00e9rence de ses forces dans les op\u00e9rations qui affectent sa souverainet\u00e9 nationale et compte tenu de l\u2019importance du Pacte mondial sur les migrations et l\u2019asile adopt\u00e9 en 2018, la Tunisie a toujours appel\u00e9 \u00e0 une approche coh\u00e9rente et inspirante de sa politique migratoire sur le plan national.<\/p>\n<p>A ce titre, M. Hichem a mis l\u2019accent sur la n\u00e9cessit\u00e9 de poursuivre le dialogue 5 + 5 engag\u00e9 au niveau des pays riverains de la M\u00e9diterran\u00e9e pour trouver les solutions appropri\u00e9es \u00e0 toutes les composantes de cette question \u00e0 savoir\u00a0: s\u00e9curitaire, \u00e9conomique, sociale et culturelle.<\/p>\n<p>Le Chef du gouvernement a conclu que cette r\u00e9union de haut niveau est un cadre appropri\u00e9 pour approfondir notre dialogue politique, tant africain qu\u2019europ\u00e9en, afin de parvenir \u00e0 une meilleure gestion des flux migratoires et de la mobilit\u00e9 dans un esprit de v\u00e9ritable partenariat et de responsabilit\u00e9 partag\u00e9e entre les deux rives de la M\u00e9diterran\u00e9e.<\/p>\n<p><img decoding=\"async\" loading=\"lazy\" class=\"wp-image-662493 alignleft\" src=\"https:\/\/www.tunisienumerique.com\/wp-content\/uploads\/2021\/05\/Hichem-Mechichi-reunion-eur-africiane-1.jpg\" alt=\"\" width=\"393\" height=\"262\"\/> <img decoding=\"async\" loading=\"lazy\" class=\"wp-image-662495 alignleft\" src=\"https:\/\/www.tunisienumerique.com\/wp-content\/uploads\/2021\/05\/Hichem-Mechichi-reunion-eur-africiane2-1.jpg\" alt=\"\" width=\"396\" height=\"264\"\/> <img decoding=\"async\" loading=\"lazy\" class=\"alignnone size-medium wp-image-662496\" src=\"https:\/\/www.tunisienumerique.com\/wp-content\/uploads\/2021\/05\/Hichem-Mechichi-reunion-eur-africiane3-1.jpg\" alt=\"\" width=\"960\" height=\"640\" srcset=\"https:\/\/www.tunisienumerique.com\/wp-content\/uploads\/2021\/05\/Hichem-Mechichi-reunion-eur-africiane3-1.jpg 960w, https:\/\/www.tunisienumerique.com\/wp-content\/uploads\/2021\/05\/Hichem-Mechichi-reunion-eur-africiane3-1-768x512.jpg 768w, https:\/\/www.tunisienumerique.com\/wp-content\/uploads\/2021\/05\/Hichem-Mechichi-reunion-eur-africiane3-1-600x400.jpg 600w\" sizes=\"auto, (max-width: 960px) 100vw, 960px\"\/> <img decoding=\"async\" loading=\"lazy\" class=\"alignnone size-medium wp-image-662497\" src=\"https:\/\/www.tunisienumerique.com\/wp-content\/uploads\/2021\/05\/Hichem-Mechichi-reunion-eur-africiane4-1.jpg\" alt=\"\" width=\"960\" height=\"640\" srcset=\"https:\/\/www.tunisienumerique.com\/wp-content\/uploads\/2021\/05\/Hichem-Mechichi-reunion-eur-africiane4-1.jpg 960w, https:\/\/www.tunisienumerique.com\/wp-content\/uploads\/2021\/05\/Hichem-Mechichi-reunion-eur-africiane4-1-768x512.jpg 768w, https:\/\/www.tunisienumerique.com\/wp-content\/uploads\/2021\/05\/Hichem-Mechichi-reunion-eur-africiane4-1-600x400.jpg 600w\" sizes=\"auto, (max-width: 960px) 100vw, 960px\"\/><\/p>\n<div class=\"swp_social_panel swp_horizontal_panel swp_flat_fresh swp_default_full_color swp_individual_full_color swp_other_full_color scale-100 scale-\" data-min-width=\"1100\" data-float-color=\"#ffffff\" data-float=\"bottom\" data-float-mobile=\"bottom\" data-transition=\"slide\">\n<div class=\"nc_tweetContainer swp_share_button total_shares total_sharesalt\"><span class=\"swp_count\">10 <span class=\"swp_label\">Partages<\/span><\/span><\/div>\n<\/div>\n<p><strong>Que se passe-t-il en Tunisie?<\/strong><br \/>Nous expliquons sur notre <a href=\"https:\/\/www.youtube.com\/channel\/UCRzypVq0B_yBad5eGrwBx0Q?sub_confirmation=1\" target=\"_blank\" rel=\"noopener\">cha\u00eene YouTube<\/a> . <a href=\"https:\/\/www.youtube.com\/channel\/UCRzypVq0B_yBad5eGrwBx0Q?sub_confirmation=1\" target=\"_blank\" rel=\"noopener\">Abonnez-vous!<\/a><\/p>\n<div class=\"mvp-org-wrap\" itemprop=\"publisher\">\n<div class=\"mvp-org-logo\" itemprop=\"logo\"><img decoding=\"async\" src=\"https:\/\/www.tunisienumerique.com\/wp-content\/uploads\/2017\/02\/logo_tunisie_numerique.png\"\/><br \/>\n<meta itemprop=\"url\" content=\"https:\/\/www.tunisienumerique.com\/wp-content\/uploads\/2017\/02\/logo_tunisie_numerique.png\"\/><\/div>\n<p><meta content=\"Tunisie\"\/><\/div>\n<div class=\"mvp-related-posts left relative\">\n<h4 class=\"post-header\"><span class=\"post-header\">Lire aussi<\/span><\/h4>\n<\/div>\n<div id=\"article-ad\">\n <ins class=\"adsbygoogle c5\" data-ad-client=\"ca-pub-2102118777505746\" data-ad-slot=\"6513972734\" data-ad-format=\"auto\" data-full-width-responsive=\"true\"\/>\n<\/div>\n<\/div>\n<div id=\"post-sidebar-wrap\">\n <ins class=\"adsbygoogle c5\" data-ad-client=\"ca-pub-2102118777505746\" data-ad-slot=\"6168283410\" data-ad-format=\"auto\" data-full-width-responsive=\"true\"\/>\n<\/div>\n<p>Auteur: rania ben slimane<br \/>\n<a href=\"https:\/\/www.tunisienumerique.com\/hichem-mechichi-a-la-rencontre-euro-africaine-sur-la-migration-photos-la-tunisie-ne-sera-pas-une-terre-dasile\/\">Cliquez ici pour lire l&rsquo;article depuis sa source.<\/a><\/p>\n","protected":false},"excerpt":{"rendered":"<p>Par rania ben slimane \u00a0| Il y a 44 minutes \ud83d\udd0a \u00c9coutez l&rsquo;article Le Chef du gouvernement, par ailleurs ministre de l\u2019Int\u00e9rieur par int\u00e9rim, Hichem Mechichi a particip\u00e9 aux activit\u00e9s de la rencontre euro-africaine sur la migration tenue au Centre culturel \u201cPleiem\u201d de la capitale portugaise, Lisbonne. Monsieur Hichem Mechichi a prononc\u00e9 un discours \u00e0 [&hellip;]<\/p>\n","protected":false},"author":1789,"featured_media":0,"comment_status":"closed","ping_status":"closed","sticky":false,"template":"","format":"standard","meta":{"fifu_image_url":"https:\/\/secure.gravatar.com\/avatar\/ea481d7287ad38ca1787f44b5bb1b70e?s=50&d=mm&r=g","fifu_image_alt":"Hichem Mechichi \u00e0 la rencontre euro-africaine sur la migration [PHOTOS] : \u00ab la Tunisie ne sera pas une terre d\u2019asile \u00bb","footnotes":""},"categories":[73,55],"tags":[],"class_list":["post-116590","post","type-post","status-publish","format-standard","hentry","category-actualite","category-tunisie"],"_links":{"self":[{"href":"https:\/\/linitiative.ca\/International\/wp-json\/wp\/v2\/posts\/116590","targetHints":{"allow":["GET"]}}],"collection":[{"href":"https:\/\/linitiative.ca\/International\/wp-json\/wp\/v2\/posts"}],"about":[{"href":"https:\/\/linitiative.ca\/International\/wp-json\/wp\/v2\/types\/post"}],"author":[{"embeddable":true,"href":"https:\/\/linitiative.ca\/International\/wp-json\/wp\/v2\/users\/1789"}],"replies":[{"embeddable":true,"href":"https:\/\/linitiative.ca\/International\/wp-json\/wp\/v2\/comments?post=116590"}],"version-history":[{"count":0,"href":"https:\/\/linitiative.ca\/International\/wp-json\/wp\/v2\/posts\/116590\/revisions"}],"wp:attachment":[{"href":"https:\/\/linitiative.ca\/International\/wp-json\/wp\/v2\/media?parent=116590"}],"wp:term":[{"taxonomy":"category","embeddable":true,"href":"https:\/\/linitiative.ca\/International\/wp-json\/wp\/v2\/categories?post=116590"},{"taxonomy":"post_tag","embeddable":true,"href":"https:\/\/linitiative.ca\/International\/wp-json\/wp\/v2\/tags?post=116590"}],"curies":[{"name":"wp","href":"https:\/\/api.w.org\/{rel}","templated":true}]}}