{"id":116591,"date":"2021-05-11T16:29:07","date_gmt":"2021-05-11T20:29:07","guid":{"rendered":"https:\/\/linitiative.ca\/International\/tunisie-une-revolte-contre-le-confinement-general-en-attendant-la-revolte-tout-court\/"},"modified":"2021-05-11T16:29:07","modified_gmt":"2021-05-11T20:29:07","slug":"tunisie-une-revolte-contre-le-confinement-general-en-attendant-la-revolte-tout-court","status":"publish","type":"post","link":"https:\/\/linitiative.ca\/International\/tunisie-une-revolte-contre-le-confinement-general-en-attendant-la-revolte-tout-court\/","title":{"rendered":"Tunisie \u2013 Une r\u00e9volte contre le confinement g\u00e9n\u00e9ral en attendant la r\u00e9volte tout court\u00a0?"},"content":{"rendered":"<div class=\"post-cont-in left relative\">\n<div id=\"post-info-wrap\" class=\"left relative post-info-out\">\n<div class=\"post-info-img left relative\"><img decoding=\"async\" alt=\"\" src=\"https:\/\/secure.gravatar.com\/avatar\/9f10b5e5a102bf8cc0ebfb84f5ab5652?s=50&amp;d=mm&amp;r=g\" srcset=\"https:\/\/secure.gravatar.com\/avatar\/9f10b5e5a102bf8cc0ebfb84f5ab5652?s=100&amp;d=mm&amp;r=g 2x\" class=\"avatar avatar-50 photo\" height=\"50\" width=\"50\" loading=\"lazy\"\/><\/div>\n<div class=\"post-info-in\">\n<div class=\"post-info-right left relative post-info-name left relative\"><span><span class=\"post-info-text\">Par<\/span> <span class=\"author-name vcard fn author\"><a href=\"https:\/\/www.tunisienumerique.com\/author\/ramsis\/\" title=\"Articles par Ramsis\" rel=\"author\">Ramsis<\/a><\/span><\/span> <span class=\"post-date updated\"><time class=\"post-date updated\" datetime=\"2021-05-11\">\u00a0| Il y a 33 minutes<\/time><\/span><br \/>\n<meta itemprop=\"dateModified\" content=\"2021-05-11\"\/><\/div>\n<div class=\"left relative\"><button id=\"listenButton1\" class=\"responsivevoice-button\" type=\"button\" value=\"Play\" title=\"\u00c9coutez l'article\"><span>\ud83d\udd0a \u00c9coutez l&rsquo;article<\/span><\/button>\n<\/div>\n<\/div>\n<\/div>\n<p>Les derni\u00e8res d\u00e9cisions du gouvernement concernant les mesures prises dans le cadre de la lutte contre le covid, et notamment, le confinement sanitaire g\u00e9n\u00e9ral, ont \u00e9t\u00e9 accueillies par un refus total et, apparemment, d\u00e9finitif, de la part de la population, toutes franges et tous corps de m\u00e9tiers, confondus. Un refus que les citoyens ont v\u00e9h\u00e9ment affich\u00e9 aux d\u00e9cisions du gouvernement. Et ce, malgr\u00e9 les menaces de p\u00e9nalisations assez lourdes.<\/p>\n<div class=\"code-block code-block-1 c4\">\n <ins class=\"adsbygoogle c3\" data-ad-layout=\"in-article\" data-ad-format=\"fluid\" data-ad-client=\"ca-pub-2102118777505746\" data-ad-slot=\"7301775417\"\/>\n<\/div>\n<p>Cette r\u00e9action de la population ne devrait pas passer inaper\u00e7ue aux yeux des dirigeants du pays, qui devraient y voir un signe pr\u00e9curseur d\u2019un ras le bol total et irr\u00e9versible du citoyen de tout ce qu\u2019il est en train de vivre.<\/p>\n<p>On avait, pourtant, pr\u00e9venu, depuis des ann\u00e9es, qu\u2019il ne fallait pas jouer avec la patience du tunisien, et que ceux qui croyaient qu\u2019il n\u2019oserait plus, apr\u00e8s ce qu\u2019il a endur\u00e9 ces dix derni\u00e8res ann\u00e9es, ressortir \u00e0 la rue et renverser la table sur tout le monde, se trompent royalement.<\/p>\n<p>Ces dirigeant ne semblent pas se rendre compte que le tunisien est devenu dangereux, puisque n\u2019ayant plus rien \u00e0 perdre. La preuve\u00a0: il vit la mis\u00e8re, il est affam\u00e9, il est dans des conditions sanitaires d\u00e9plorables, et pourtant, il veut garder l\u2019illusion de vivre, et voudrait, pour parfaire cette illusion, f\u00eater comme il se doit l\u2019A\u00efd, et passer un Ramadan comme ceux des belles ann\u00e9es.<\/p>\n<p>Et l\u00e0, l\u2019Etat est en train de commettre la b\u00eatise de sa vie, en \u00f4tant au tunisien, cette simple illusion. La preuve de la gravit\u00e9 de leurs d\u00e9cisions, les d\u00e9cideurs sont en train de la recevoir en pleine face. Et cette r\u00e9volte des tunisiens face \u00e0 ces derni\u00e8res mesures ne pourrait que pr\u00e9dire ce qu\u2019il en sera, d\u00e9sormais, en Tunisie, avec des citoyens pr\u00eats \u00e0 en d\u00e9coudre pour se d\u00e9fendre contre un gouvernement dont les moindres d\u00e9cisions ne sauraient passer. Surtout quant on sait que tr\u00e8s bient\u00f4t, sous la pression des bailleurs de fonds, les d\u00e9cisions seront, vraiment, intol\u00e9rables pour le tunisien\u00a0! Il faudrait, donc, s\u2019attendre \u00e0 un \u00e9t\u00e9 chaud, et une rentr\u00e9e br\u00fblante\u00a0!<\/p>\n<div class=\"swp_social_panel swp_horizontal_panel swp_flat_fresh swp_default_full_color swp_individual_full_color swp_other_full_color scale-100 scale-\" data-min-width=\"1100\" data-float-color=\"#ffffff\" data-float=\"bottom\" data-float-mobile=\"bottom\" data-transition=\"slide\">\n<div class=\"nc_tweetContainer swp_share_button total_shares total_sharesalt\"><span class=\"swp_count\">20 <span class=\"swp_label\">Partages<\/span><\/span><\/div>\n<\/div>\n<p><strong>Que se passe-t-il en Tunisie?<\/strong><br \/>Nous expliquons sur notre <a href=\"https:\/\/www.youtube.com\/channel\/UCRzypVq0B_yBad5eGrwBx0Q?sub_confirmation=1\" target=\"_blank\" rel=\"noopener\">cha\u00eene YouTube<\/a> . <a href=\"https:\/\/www.youtube.com\/channel\/UCRzypVq0B_yBad5eGrwBx0Q?sub_confirmation=1\" target=\"_blank\" rel=\"noopener\">Abonnez-vous!<\/a><\/p>\n<div class=\"mvp-org-wrap\" itemprop=\"publisher\">\n<div class=\"mvp-org-logo\" itemprop=\"logo\"><img decoding=\"async\" src=\"https:\/\/www.tunisienumerique.com\/wp-content\/uploads\/2017\/02\/logo_tunisie_numerique.png\"\/><br \/>\n<meta itemprop=\"url\" content=\"https:\/\/www.tunisienumerique.com\/wp-content\/uploads\/2017\/02\/logo_tunisie_numerique.png\"\/><\/div>\n<p><meta content=\"Tunisie\"\/><\/div>\n<div id=\"article-ad\">\n <ins class=\"adsbygoogle c5\" data-ad-client=\"ca-pub-2102118777505746\" data-ad-slot=\"6513972734\" data-ad-format=\"auto\" data-full-width-responsive=\"true\"\/>\n<\/div>\n<\/div>\n<div id=\"post-sidebar-wrap\">\n <ins class=\"adsbygoogle c5\" data-ad-client=\"ca-pub-2102118777505746\" data-ad-slot=\"6168283410\" data-ad-format=\"auto\" data-full-width-responsive=\"true\"\/>\n<\/div>\n<p>Auteur: Ramsis<br \/>\n<a href=\"https:\/\/www.tunisienumerique.com\/tunisie-une-revolte-contre-le-confinement-general-en-attendant-la-revolte-tout-court\/\">Cliquez ici pour lire l&rsquo;article depuis sa source.<\/a><\/p>\n","protected":false},"excerpt":{"rendered":"<p>Par Ramsis \u00a0| Il y a 33 minutes \ud83d\udd0a \u00c9coutez l&rsquo;article Les derni\u00e8res d\u00e9cisions du gouvernement concernant les mesures prises dans le cadre de la lutte contre le covid, et notamment, le confinement sanitaire g\u00e9n\u00e9ral, ont \u00e9t\u00e9 accueillies par un refus total et, apparemment, d\u00e9finitif, de la part de la population, toutes franges et tous [&hellip;]<\/p>\n","protected":false},"author":1789,"featured_media":0,"comment_status":"closed","ping_status":"closed","sticky":false,"template":"","format":"standard","meta":{"fifu_image_url":"https:\/\/secure.gravatar.com\/avatar\/9f10b5e5a102bf8cc0ebfb84f5ab5652?s=50&d=mm&r=g","fifu_image_alt":"Tunisie \u2013 Une r\u00e9volte contre le confinement g\u00e9n\u00e9ral en attendant la r\u00e9volte tout court\u00a0?","footnotes":""},"categories":[73,55],"tags":[],"class_list":["post-116591","post","type-post","status-publish","format-standard","hentry","category-actualite","category-tunisie"],"_links":{"self":[{"href":"https:\/\/linitiative.ca\/International\/wp-json\/wp\/v2\/posts\/116591","targetHints":{"allow":["GET"]}}],"collection":[{"href":"https:\/\/linitiative.ca\/International\/wp-json\/wp\/v2\/posts"}],"about":[{"href":"https:\/\/linitiative.ca\/International\/wp-json\/wp\/v2\/types\/post"}],"author":[{"embeddable":true,"href":"https:\/\/linitiative.ca\/International\/wp-json\/wp\/v2\/users\/1789"}],"replies":[{"embeddable":true,"href":"https:\/\/linitiative.ca\/International\/wp-json\/wp\/v2\/comments?post=116591"}],"version-history":[{"count":0,"href":"https:\/\/linitiative.ca\/International\/wp-json\/wp\/v2\/posts\/116591\/revisions"}],"wp:attachment":[{"href":"https:\/\/linitiative.ca\/International\/wp-json\/wp\/v2\/media?parent=116591"}],"wp:term":[{"taxonomy":"category","embeddable":true,"href":"https:\/\/linitiative.ca\/International\/wp-json\/wp\/v2\/categories?post=116591"},{"taxonomy":"post_tag","embeddable":true,"href":"https:\/\/linitiative.ca\/International\/wp-json\/wp\/v2\/tags?post=116591"}],"curies":[{"name":"wp","href":"https:\/\/api.w.org\/{rel}","templated":true}]}}