{"id":116592,"date":"2021-05-11T16:44:36","date_gmt":"2021-05-11T20:44:36","guid":{"rendered":"https:\/\/linitiative.ca\/International\/tunisie-un-non-paiement-des-credits-exterieurs-couterait-aux-banques-leurs-capitaux-propres\/"},"modified":"2021-05-11T16:44:36","modified_gmt":"2021-05-11T20:44:36","slug":"tunisie-un-non-paiement-des-credits-exterieurs-couterait-aux-banques-leurs-capitaux-propres","status":"publish","type":"post","link":"https:\/\/linitiative.ca\/International\/tunisie-un-non-paiement-des-credits-exterieurs-couterait-aux-banques-leurs-capitaux-propres\/","title":{"rendered":"Tunisie \u2013 Un non-paiement des cr\u00e9dits ext\u00e9rieurs co\u00fbterait aux banques leurs capitaux propres"},"content":{"rendered":"<div class=\"post-cont-in left relative\">\n<div id=\"post-info-wrap\" class=\"left relative post-info-out\">\n<div class=\"post-info-img left relative\"><img decoding=\"async\" alt=\"\" src=\"https:\/\/secure.gravatar.com\/avatar\/b658f27b24160a89d557421a966e5ca1?s=50&amp;d=mm&amp;r=g\" srcset=\"https:\/\/secure.gravatar.com\/avatar\/b658f27b24160a89d557421a966e5ca1?s=100&amp;d=mm&amp;r=g 2x\" class=\"avatar avatar-50 photo\" height=\"50\" width=\"50\" loading=\"lazy\"\/><\/div>\n<div class=\"post-info-in\">\n<div class=\"post-info-right left relative post-info-name left relative\"><span><span class=\"post-info-text\">Par<\/span> <span class=\"author-name vcard fn author\"><a href=\"https:\/\/www.tunisienumerique.com\/author\/htb\/\" title=\"Articles par Mohamed Ben Abderrazek\" rel=\"author\">Mohamed Ben Abderrazek<\/a><\/span><\/span> <span class=\"post-date updated\"><time class=\"post-date updated\" datetime=\"2021-05-11\">\u00a0| Il y a 20 minutes<\/time><\/span><br \/>\n<meta itemprop=\"dateModified\" content=\"2021-05-11\"\/><\/div>\n<div class=\"left relative\"><button id=\"listenButton1\" class=\"responsivevoice-button\" type=\"button\" value=\"Play\" title=\"\u00c9coutez l'article\"><span>\ud83d\udd0a \u00c9coutez l&rsquo;article<\/span><\/button>\n<\/div>\n<\/div>\n<\/div>\n<p>L\u2019agence de Rating, Standard &amp; Poor\u2019s a indiqu\u00e9 aujourd\u2019hui mardi 11 mai 2021 que le co\u00fbt du d\u00e9faut de la dette souveraine tunisienne (cr\u00e9dits ext\u00e9rieurs), s\u2019\u00e9l\u00e8ve \u00e0 7,9 milliards de dollars (soit 21,4 milliards de dinars) pour le secteur bancaire.<\/p>\n<div class=\"code-block code-block-1 c4\">\n <ins class=\"adsbygoogle c3\" data-ad-layout=\"in-article\" data-ad-format=\"fluid\" data-ad-client=\"ca-pub-2102118777505746\" data-ad-slot=\"7301775417\"\/>\n<\/div>\n<p>Ce co\u00fbt correspond, selon Standard &amp; Poor\u2019s, \u00e0 102 % du total des fonds propres de tout le syst\u00e8me bancaire, et 17,3% du PIB pr\u00e9vu pour 2021.<\/p>\n<p>N\u00e9anmoins, l\u2019analyste aupr\u00e8s de S&amp;P, Mohamed Damak, indique que l\u2019exposition des banques tunisiennes aux risques li\u00e9s \u00e0 l\u2019endettement ext\u00e9rieur a plus que doubl\u00e9 en fonction de l\u2019inflation galopante de cet endettement.<\/p>\n<p>L\u2019agence souligne, en outre, qu\u2019un d\u00e9faut souverain \u00e9ventuel au cours des 12 mois co\u00fbterait aux banques jusqu\u2019\u00e0 7,9 milliards de dollars (21,6 milliards de dinars) ou 102% de leurs fonds propres.<\/p>\n<p>Il est \u00e0 noter qu\u2019une d\u00e9l\u00e9gation gouvernementale a eu des entretiens avec le FMI \u00e0 Washington la semaine derni\u00e8re. Un plan de r\u00e9forme \u00e9conomique a \u00e9t\u00e9 propos\u00e9 aux fins de d\u00e9bloquer des fonds.<\/p>\n<p>Le fonds a assur\u00e9 qu\u2019il se tiendra \u00ab pr\u00eat \u00e0 aider la Tunisie et le peuple tunisien \u00e0 faire face aux effets de la crise.et avancer vers une reprise inclusive et riche en emplois, \u00bb a affirm\u00e9 le Directeur de la communication du FMI Gerry Rice, la semaine derni\u00e8re dans un point de presse.<\/p>\n<p>Les r\u00e9formes avanc\u00e9es comprennent plusieurs mesures dont particuli\u00e8rement un plan pour le gel des salaires des employ\u00e9s dans le secteur public cette ann\u00e9e dans le but de r\u00e9duire la masse salariale \u00e0 15% du PIB, contre 17,4 % l\u2019ann\u00e9e derni\u00e8re.<\/p>\n<p>Les incitations au travail \u00e0 temps partiel et la retraite anticip\u00e9e comptent parmi les mesures pour r\u00e9duire la masse salariale.<\/p>\n<div class=\"swp_social_panel swp_horizontal_panel swp_flat_fresh swp_default_full_color swp_individual_full_color swp_other_full_color scale-100 scale-\" data-min-width=\"1100\" data-float-color=\"#ffffff\" data-float=\"bottom\" data-float-mobile=\"bottom\" data-transition=\"slide\">\n<div class=\"nc_tweetContainer swp_share_button total_shares total_sharesalt\"><span class=\"swp_count\">5 <span class=\"swp_label\">Partages<\/span><\/span><\/div>\n<\/div>\n<p><strong>Que se passe-t-il en Tunisie?<\/strong><br \/>Nous expliquons sur notre <a href=\"https:\/\/www.youtube.com\/channel\/UCRzypVq0B_yBad5eGrwBx0Q?sub_confirmation=1\" target=\"_blank\" rel=\"noopener\">cha\u00eene YouTube<\/a> . <a href=\"https:\/\/www.youtube.com\/channel\/UCRzypVq0B_yBad5eGrwBx0Q?sub_confirmation=1\" target=\"_blank\" rel=\"noopener\">Abonnez-vous!<\/a><\/p>\n<div class=\"mvp-org-wrap\" itemprop=\"publisher\">\n<div class=\"mvp-org-logo\" itemprop=\"logo\"><img decoding=\"async\" src=\"https:\/\/www.tunisienumerique.com\/wp-content\/uploads\/2017\/02\/logo_tunisie_numerique.png\"\/><br \/>\n<meta itemprop=\"url\" content=\"https:\/\/www.tunisienumerique.com\/wp-content\/uploads\/2017\/02\/logo_tunisie_numerique.png\"\/><\/div>\n<p><meta content=\"Tunisie\"\/><\/div>\n<div class=\"post-tags\"><span class=\"post-tags-header\">Sujets Connexes:<\/span><span itemprop=\"keywords\"><a href=\"https:\/\/www.tunisienumerique.com\/tunisie-actualite\/fmi\/\" rel=\"tag\">FMI<\/a><\/span><\/div>\n<div class=\"mvp-related-posts left relative\">\n<h4 class=\"post-header\"><span class=\"post-header\">Lire aussi<\/span><\/h4>\n<\/div>\n<div id=\"article-ad\">\n <ins class=\"adsbygoogle c5\" data-ad-client=\"ca-pub-2102118777505746\" data-ad-slot=\"6513972734\" data-ad-format=\"auto\" data-full-width-responsive=\"true\"\/>\n<\/div>\n<\/div>\n<div id=\"post-sidebar-wrap\">\n <ins class=\"adsbygoogle c5\" data-ad-client=\"ca-pub-2102118777505746\" data-ad-slot=\"6168283410\" data-ad-format=\"auto\" data-full-width-responsive=\"true\"\/>\n<\/div>\n<p>Auteur: Mohamed Ben Abderrazek<br \/>\n<a href=\"https:\/\/www.tunisienumerique.com\/tunisie-un-non-paiement-des-credits-exterieurs-couterait-aux-banques-leurs-capitaux-propres\/\">Cliquez ici pour lire l&rsquo;article depuis sa source.<\/a><\/p>\n","protected":false},"excerpt":{"rendered":"<p>Par Mohamed Ben Abderrazek \u00a0| Il y a 20 minutes \ud83d\udd0a \u00c9coutez l&rsquo;article L\u2019agence de Rating, Standard &amp; Poor\u2019s a indiqu\u00e9 aujourd\u2019hui mardi 11 mai 2021 que le co\u00fbt du d\u00e9faut de la dette souveraine tunisienne (cr\u00e9dits ext\u00e9rieurs), s\u2019\u00e9l\u00e8ve \u00e0 7,9 milliards de dollars (soit 21,4 milliards de dinars) pour le secteur bancaire. Ce co\u00fbt [&hellip;]<\/p>\n","protected":false},"author":1789,"featured_media":0,"comment_status":"closed","ping_status":"closed","sticky":false,"template":"","format":"standard","meta":{"fifu_image_url":"https:\/\/secure.gravatar.com\/avatar\/b658f27b24160a89d557421a966e5ca1?s=50&d=mm&r=g","fifu_image_alt":"Tunisie \u2013 Un non-paiement des cr\u00e9dits ext\u00e9rieurs co\u00fbterait aux banques leurs capitaux propres","footnotes":""},"categories":[73,55],"tags":[],"class_list":["post-116592","post","type-post","status-publish","format-standard","hentry","category-actualite","category-tunisie"],"_links":{"self":[{"href":"https:\/\/linitiative.ca\/International\/wp-json\/wp\/v2\/posts\/116592","targetHints":{"allow":["GET"]}}],"collection":[{"href":"https:\/\/linitiative.ca\/International\/wp-json\/wp\/v2\/posts"}],"about":[{"href":"https:\/\/linitiative.ca\/International\/wp-json\/wp\/v2\/types\/post"}],"author":[{"embeddable":true,"href":"https:\/\/linitiative.ca\/International\/wp-json\/wp\/v2\/users\/1789"}],"replies":[{"embeddable":true,"href":"https:\/\/linitiative.ca\/International\/wp-json\/wp\/v2\/comments?post=116592"}],"version-history":[{"count":0,"href":"https:\/\/linitiative.ca\/International\/wp-json\/wp\/v2\/posts\/116592\/revisions"}],"wp:attachment":[{"href":"https:\/\/linitiative.ca\/International\/wp-json\/wp\/v2\/media?parent=116592"}],"wp:term":[{"taxonomy":"category","embeddable":true,"href":"https:\/\/linitiative.ca\/International\/wp-json\/wp\/v2\/categories?post=116592"},{"taxonomy":"post_tag","embeddable":true,"href":"https:\/\/linitiative.ca\/International\/wp-json\/wp\/v2\/tags?post=116592"}],"curies":[{"name":"wp","href":"https:\/\/api.w.org\/{rel}","templated":true}]}}